{"id":664829,"date":"2026-01-15T07:47:12","date_gmt":"2026-01-15T07:47:12","guid":{"rendered":"https:\/\/www.europesays.com\/fr\/664829\/"},"modified":"2026-01-15T07:47:12","modified_gmt":"2026-01-15T07:47:12","slug":"premier-meeting-au-palais-neptune","status":"publish","type":"post","link":"https:\/\/www.europesays.com\/fr\/664829\/","title":{"rendered":"premier meeting au Palais Neptune"},"content":{"rendered":"<p data-start=\"497\" data-end=\"558\">Municipales Toulon 2026 : Laure Lavalette lance sa campagne<\/p>\n<p data-start=\"560\" data-end=\"899\">La web TV INFO83 a assist\u00e9 au premier meeting de Laure Lavalette, ce mercredi 14 janvier 2026, au Palais Neptune \u00e0 Toulon. Avant la r\u00e9union publique, la d\u00e9put\u00e9e du Rassemblement national a tenu une conf\u00e9rence de presse pour pr\u00e9ciser sa strat\u00e9gie, pr\u00e9senter quinze premiers colistiers et d\u00e9voiler quelques axes de son programme municipal.<\/p>\n<p data-start=\"901\" data-end=\"1172\">Plus de 1 200 personnes \u00e9taient inscrites pour ce lancement de campagne. Un public nombreux, o\u00f9 figurait un observateur attentif : Bernard Lema\u00eetre, pr\u00e9sident du Rugby Club Toulonnais, venu \u00e9couter les propositions de la candidate sur le stade Mayol et l\u2019avenir du RCT.<\/p>\n<p>Une candidate RN sans \u00e9tiquette sur le bulletin<\/p>\n<p data-start=\"1230\" data-end=\"1555\">Interrog\u00e9e sur le calendrier de sa d\u00e9claration, <a href=\"https:\/\/www.info83.fr\/laure-lavalette-lance-son-association\/\" target=\"_blank\" rel=\"noopener\">Laure Lavalette<\/a> assume une entr\u00e9e tardive en campagne. Elle \u00e9voque un d\u00e9but d\u2019ann\u00e9e marqu\u00e9 par les d\u00e9bats budg\u00e9taires nationaux et juge que \u00ab l\u2019esprit n\u2019\u00e9tait pas encore aux municipales \u00bb. \u00c0 soixante jours du scrutin, elle estime qu\u2019\u00ab il \u00e9tait temps de rentrer en campagne \u00bb.<\/p>\n<p data-start=\"1557\" data-end=\"2005\">D\u00e9put\u00e9e du Rassemblement national, elle se pr\u00e9sente pourtant sans l\u2019\u00e9tiquette du parti sur son bulletin. Elle revendique une logique de rassemblement local. Selon elle, une municipale est \u00ab la rencontre entre un projet, une \u00e9quipe et les habitants \u00bb. Elle affirme vouloir \u00eatre \u00ab maire de toute la population \u00bb et explique que ce positionnement ouvre la porte \u00e0 des personnalit\u00e9s qui ne seraient pas venues sur une liste estampill\u00e9e uniquement RN.<\/p>\n<p data-start=\"2007\" data-end=\"2363\">Laure Lavalette assure que son ancrage politique ne fait aucun doute. Elle rappelle que cette \u00e9tiquette lui a permis d\u2019\u00eatre \u00e9lue d\u00e9put\u00e9e d\u00e8s le premier tour il y a un an et demi. Mais elle d\u00e9fend une approche \u00ab non dogmatique \u00bb, construite sur son travail \u00e0 l\u2019Assembl\u00e9e nationale et sur le terrain, qui viserait \u00e0 d\u00e9passer les clivages partisans stricts.<\/p>\n<p>Colistiers et soutiens : sportifs, policiers et soci\u00e9t\u00e9 civile<\/p>\n<p data-start=\"2436\" data-end=\"2625\">Lors de ce premier meeting, Laure Lavalette a d\u00e9voil\u00e9 quinze premiers noms sur les cinquante-neuf que comptera sa liste. Parmi eux, plusieurs figures connues du sport et de la vie locale.<\/p>\n<p data-start=\"2627\" data-end=\"2973\">On retrouve ainsi Amaury Navaranne, conseiller municipal et r\u00e9gional, d\u00e9j\u00e0 engag\u00e9 \u00e0 droite \u00e0 Toulon. Le policier S\u00e9bastien Soul\u00e9 rejoint \u00e9galement la liste, aux c\u00f4t\u00e9s de l\u2019ancien troisi\u00e8me ligne du RCT et entra\u00eeneur David G\u00e9rard. L\u2019ex-boxeur Fr\u00e9d\u00e9ric Sellier, quadruple champion d\u2019Europe, fait partie des personnalit\u00e9s sportives mises en avant.<\/p>\n<p data-start=\"2975\" data-end=\"3373\">La liste compte aussi Robin Cloedt, ancien candidat UDI en r\u00e9gion parisienne, ainsi que Fabien Sorrentino, DJ, organisateur de concerts et festivals, pr\u00e9sent\u00e9 comme un profil cl\u00e9 pour \u00ab r\u00e9veiller Toulon \u00bb et animer la ville. Jamila Laronze et Julie Bousquet incarnent d\u2019autres engagements de terrain. Martine Favereau, chanteuse lyrique au ch\u0153ur de l\u2019Op\u00e9ra de Toulon, illustre l\u2019ancrage culturel.<\/p>\n<p data-start=\"3375\" data-end=\"3573\">La candidate affirme vouloir composer une \u00e9quipe \u00ab o\u00f9 chaque Toulonnais puisse se sentir repr\u00e9sent\u00e9 \u00bb, m\u00ealant \u00e9lus sortants, forces de l\u2019ordre, monde associatif, culture, sport et \u00e9conomie locale.<\/p>\n<p>Transports, s\u00e9curit\u00e9, voirie : premi\u00e8res annonces de programme<\/p>\n<p data-start=\"3646\" data-end=\"4013\">Laure Lavalette a \u00e9galement livr\u00e9 plusieurs priorit\u00e9s programmatiques. La premi\u00e8re porte sur les transports en commun. Elle promet l\u2019organisation d\u2019un r\u00e9f\u00e9rendum municipal sur les grands choix de mobilit\u00e9 : tramway, BHNS, RER m\u00e9tropolitain ou m\u00e9tro. Elle pr\u00e9sente cette consultation comme un engagement fort pour associer les Toulonnais \u00e0 une d\u00e9cision structurante.<\/p>\n<p data-start=\"4015\" data-end=\"4282\">La s\u00e9curit\u00e9 figure aussi au c\u0153ur de son discours. La candidate annonce l\u2019augmentation des effectifs de police municipale pour atteindre deux cents agents. Objectif affich\u00e9 : \u00ab garantir la s\u00e9curit\u00e9 \u00bb dans tous les quartiers, en renfor\u00e7ant la pr\u00e9sence sur le terrain.<\/p>\n<p data-start=\"4284\" data-end=\"4648\">La voirie et le cadre de vie sont \u00e9galement mis en avant. Laure Lavalette propose un \u00ab plan quinquennal de r\u00e9fection de la voirie \u00bb afin de traiter de mani\u00e8re programm\u00e9e les chauss\u00e9es d\u00e9grad\u00e9es et les trottoirs ab\u00eem\u00e9s. Elle \u00e9voque aussi la cr\u00e9ation d\u2019un \u00ab grand centre de la mer \u00bb, projet vitrine destin\u00e9 \u00e0 mieux valoriser le littoral et les activit\u00e9s maritimes.<\/p>\n<p>\u00c9coles, cause animale et nouveaux enjeux de soci\u00e9t\u00e9<\/p>\n<p data-start=\"4710\" data-end=\"4944\">Dans le champ \u00e9ducatif, la d\u00e9put\u00e9e candidate promet l\u2019installation de syst\u00e8mes de climatisation dans les \u00e9coles maternelles. Elle place cette mesure sous l\u2019angle du confort des enfants et de l\u2019adaptation au r\u00e9chauffement climatique.<\/p>\n<p data-start=\"4946\" data-end=\"5288\">Autre annonce symbolique : la cr\u00e9ation d\u2019un poste d\u2019adjoint d\u00e9di\u00e9 \u00e0 la cause animale. Ce futur \u00e9lu serait charg\u00e9 de coordonner les politiques de protection animale, les liens avec les associations et les actions de sensibilisation. Laure Lavalette y voit un signal envoy\u00e9 \u00e0 une partie de l\u2019\u00e9lectorat tr\u00e8s attentive au bien-\u00eatre des animaux.<\/p>\n<p>Une campagne de terrain jusqu\u2019au 15 mars<\/p>\n<p data-start=\"5339\" data-end=\"5676\">D\u2019ici au premier tour du 15 mars, la candidate pr\u00e9voit de d\u00e9voiler progressivement la totalit\u00e9 de sa liste. Un second rendez-vous de campagne permettra de pr\u00e9senter d\u2019autres personnalit\u00e9s. Elle annonce aussi une campagne de proximit\u00e9, \u00ab quartier par quartier, rue par rue \u00bb, pour confronter ses propositions aux attentes des habitants.<\/p>\n<p data-start=\"5678\" data-end=\"6091\">Laure Lavalette consid\u00e8re que Toulon est entr\u00e9e \u00ab dans une p\u00e9riode de belle endormie \u00bb depuis la condamnation d\u2019Hubert Falco. Elle estime que \u00ab les Toulonnais ont envie de sortir d\u2019un vieux syst\u00e8me qui s\u2019est essouffl\u00e9 \u00bb et mise sur cette demande de changement. Elle se dit attentive aux recompositions en cours \u00e0 droite, mais assure \u00ab tracer sa route \u00bb sans se pr\u00e9occuper des n\u00e9gociations entre ses adversaires.<\/p>\n<p data-start=\"6093\" data-end=\"6294\">INFO83 suivra la suite de la campagne municipale toulonnaise et proposera, dans ses prochains rendez-vous, d\u2019autres interviews de candidates et candidats, ainsi que des d\u00e9cryptages des enjeux locaux.<\/p>\n<p>\u00a0<\/p>\n<p style=\"text-align: right;\">R\u00e9daction : Pays83<\/p>\n<blockquote><p>\nEn r\u00e9sum\u00e9\u2026<\/p>\n<p>Lors de son premier meeting de campagne au Palais Neptune, mercredi 14 janvier 2026, Laure Lavalette a lanc\u00e9 sa candidature aux municipales de Toulon devant plus de 1 200 personnes. La d\u00e9put\u00e9e, soutenue par le Rassemblement national, a pr\u00e9sent\u00e9 15 premiers colistiers issus du sport, de la culture et de la soci\u00e9t\u00e9 civile, et esquiss\u00e9 son programme : r\u00e9f\u00e9rendum municipal sur les transports, plan de r\u00e9fection de la voirie, climatisation des \u00e9coles maternelles, cr\u00e9ation d\u2019un adjoint \u00e0 la cause animale et renforcement de la police municipale \u00e0 200 agents.<\/p>\n<\/blockquote>\n<p>\u00a0<\/p>\n<p>\u00a0Foire aux questions\u2026 \u00a0<\/p>\n<p data-start=\"57\" data-end=\"304\"><strong data-start=\"57\" data-end=\"120\">1. Qui est Laure Lavalette et pourquoi se pr\u00e9sente-t-elle ?<\/strong><br data-start=\"120\" data-end=\"123\"\/>Laure Lavalette est d\u00e9put\u00e9e (RN) et se pr\u00e9sente aux municipales de Toulon 2026 pour proposer une alternance et une \u00e9quipe de profils vari\u00e9s issus de la soci\u00e9t\u00e9 civile et du sport.<\/p>\n<p data-start=\"306\" data-end=\"478\"><strong data-start=\"306\" data-end=\"376\">2. Combien de personnes ont assist\u00e9 au meeting du Palais Neptune ?<\/strong><br data-start=\"376\" data-end=\"379\"\/>Selon son \u00e9quipe, plus de 1 200 personnes \u00e9taient pr\u00e9sentes au Palais Neptune le 14 janvier 2026.<\/p>\n<p data-start=\"480\" data-end=\"728\"><strong data-start=\"480\" data-end=\"537\">3. Qui fait partie des premiers colistiers annonc\u00e9s ?<\/strong><br data-start=\"537\" data-end=\"540\"\/>Parmi les 15 premiers colistiers : Amaury Navaranne, S\u00e9bastien Soul\u00e9, David G\u00e9rard, Robin Cloedt, Fr\u00e9d\u00e9ric Sellier, Fabien Sorrentino, Jamila Laronze, Julie Bousquet et Martine Favereau,\u2026<\/p>\n<p data-start=\"730\" data-end=\"1001\"><strong data-start=\"730\" data-end=\"785\">4. Quelles mesures principales a-t-elle annonc\u00e9es ?<\/strong><br data-start=\"785\" data-end=\"788\"\/>Elle a \u00e9voqu\u00e9 un r\u00e9f\u00e9rendum sur les transports, un adjoint \u00e0 la cause animale, un plan de r\u00e9fection de la voirie, la climatisation des maternelles, un \u00ab centre de la mer \u00bb et le passage \u00e0 200 policiers municipaux.<\/p>\n<p><strong>A voir aussi :<\/strong><strong><br \/><\/strong><\/p>\n<p><a href=\"https:\/\/www.info83.fr\/informations-var\/municipales-2026\/\" target=\"_blank\" rel=\"noopener\">Nos reportages et interviews pour les Municipales 2026.<\/a><\/p>\n<p><strong><img decoding=\"async\" class=\"emoji\" role=\"img\" draggable=\"false\" src=\"https:\/\/s.w.org\/images\/core\/emoji\/13.1.0\/svg\/1f538.svg\" alt=\"\ud83d\udd38\" data-pin-no-hover=\"true\"\/>Info83, le Var proche de vous<br \/><\/strong><\/p>\n<p><img decoding=\"async\" class=\"emoji\" role=\"img\" draggable=\"false\" src=\"https:\/\/s.w.org\/images\/core\/emoji\/13.1.0\/svg\/27a1.svg\" alt=\"\u27a1\ufe0f\" data-pin-no-hover=\"true\"\/>\u00a0<a href=\"https:\/\/bit.ly\/2OZZMMK\" target=\"_blank\" rel=\"noopener noreferrer\">Facebook Info83<\/a><\/p>\n<p><img decoding=\"async\" class=\"emoji\" role=\"img\" draggable=\"false\" src=\"https:\/\/s.w.org\/images\/core\/emoji\/13.1.0\/svg\/27a1.svg\" alt=\"\u27a1\ufe0f\" data-pin-no-hover=\"true\"\/>\u00a0<a href=\"https:\/\/bit.ly\/2ONkTC9\" target=\"_blank\" rel=\"noopener noreferrer\">Youtube Info83<\/a><\/p>\n","protected":false},"excerpt":{"rendered":"Municipales Toulon 2026 : Laure Lavalette lance sa campagne La web TV INFO83 a assist\u00e9 au premier meeting&hellip;\n","protected":false},"author":2,"featured_media":664830,"comment_status":"","ping_status":"","sticky":false,"template":"","format":"standard","meta":{"footnotes":""},"categories":[9619],"tags":[1111,11,1777,674,1011,27,12,882,25,2310],"class_list":{"0":"post-664829","1":"post","2":"type-post","3":"status-publish","4":"format-standard","5":"has-post-thumbnail","7":"category-toulon","8":"tag-actu","9":"tag-actualites","10":"tag-eu","11":"tag-europe","12":"tag-fr","13":"tag-france","14":"tag-news","15":"tag-provence-alpes-cote-dazur","16":"tag-republique-francaise","17":"tag-toulon"},"share_on_mastodon":{"url":"https:\/\/pubeurope.com\/@fr\/115898014113885177","error":""},"_links":{"self":[{"href":"https:\/\/www.europesays.com\/fr\/wp-json\/wp\/v2\/posts\/664829","targetHints":{"allow":["GET"]}}],"collection":[{"href":"https:\/\/www.europesays.com\/fr\/wp-json\/wp\/v2\/posts"}],"about":[{"href":"https:\/\/www.europesays.com\/fr\/wp-json\/wp\/v2\/types\/post"}],"author":[{"embeddable":true,"href":"https:\/\/www.europesays.com\/fr\/wp-json\/wp\/v2\/users\/2"}],"replies":[{"embeddable":true,"href":"https:\/\/www.europesays.com\/fr\/wp-json\/wp\/v2\/comments?post=664829"}],"version-history":[{"count":0,"href":"https:\/\/www.europesays.com\/fr\/wp-json\/wp\/v2\/posts\/664829\/revisions"}],"wp:featuredmedia":[{"embeddable":true,"href":"https:\/\/www.europesays.com\/fr\/wp-json\/wp\/v2\/media\/664830"}],"wp:attachment":[{"href":"https:\/\/www.europesays.com\/fr\/wp-json\/wp\/v2\/media?parent=664829"}],"wp:term":[{"taxonomy":"category","embeddable":true,"href":"https:\/\/www.europesays.com\/fr\/wp-json\/wp\/v2\/categories?post=664829"},{"taxonomy":"post_tag","embeddable":true,"href":"https:\/\/www.europesays.com\/fr\/wp-json\/wp\/v2\/tags?post=664829"}],"curies":[{"name":"wp","href":"https:\/\/api.w.org\/{rel}","templated":true}]}}