{"id":664831,"date":"2026-01-15T07:48:10","date_gmt":"2026-01-15T07:48:10","guid":{"rendered":"https:\/\/www.europesays.com\/fr\/664831\/"},"modified":"2026-01-15T07:48:10","modified_gmt":"2026-01-15T07:48:10","slug":"sortir-a-montpellier-olivier-legrain-mont-rouge-gipsy-party-des-idees-pour-ce-vendredi-16-janvier","status":"publish","type":"post","link":"https:\/\/www.europesays.com\/fr\/664831\/","title":{"rendered":"Sortir \u00e0 Montpellier\u00a0: Olivier Legrain, Mont Rouge, Gipsy party\u2026 des id\u00e9es pour ce vendredi 16\u00a0janvier"},"content":{"rendered":"<p>\n                                                                \u00ab\u00a013 jours, 13 nuits\u00a0\u00bb aux cin\u00e9mas Path\u00e9, Sauver l\u2019information avec\u00a0Olivier Legrain et Vincent Edin \u00e0 la Panac\u00e9e, Mont Rouge au Rockstore, Gipsy Party \u00e0 Tropisme, Quatre actrices au th\u00e9\u00e2tre de la Plume, mus\u00e9e sonore \u00e0 l\u2019op\u00e9ra Berlioz ou The Pookies \u00e0 l\u2019Antirouille.\n                            <\/p>\n<p>D\u00e9couvrez notre s\u00e9lection de sorties pour ce vendredi 16\u00a0janvier 2026 du c\u00f4t\u00e9 de <a href=\"https:\/\/www.midilibre.fr\/herault\/montpellier\/\" target=\"_blank\" rel=\"noopener\">Montpellier<\/a> et faites le plein d\u2019id\u00e9es avec <a href=\"https:\/\/www.midilibre.fr\/agenda\/?path=&amp;q=&amp;where=herault%3Amontpellier&amp;insee=34172&amp;from=2026-01-16&amp;to=2026-01-16&amp;agendapg=14#4222647\" target=\"_blank\" rel=\"noopener\">notre agenda en ligne<\/a>.<\/p>\n<p>Best of\u00a0: \u00ab\u00a013 jours, 13 nuits\u00a0\u00bb<\/p>\n<p><strong>Cin\u00e9ma. <\/strong>Drame, thriller (1h52) de Martin Bourboulon, avec Roschdy Zem, Lyna Khoudri, Sidse Babett Knudsen. Kaboul, 15\u00a0ao\u00fbt 2021. Alors que les troupes am\u00e9ricaines s\u2019appr\u00eatent \u00e0 quitter le territoire, les Talibans prennent d\u2019assaut la capitale et s\u2019emparent du pouvoir. Au milieu du chaos, des milliers d\u2019afghans tentent de se r\u00e9fugier dans le dernier lieu encore prot\u00e9g\u00e9\u00a0: l\u2019Ambassade de France. Seuls, le commandant Mohamed Bida et ses hommes en assurent la s\u00e9curit\u00e9.<\/p>\n<p>&gt;\u00a0Ce vendredi 16\u00a0janvier \u00e0\u00a0<strong>10\u00a0h\u00a045<\/strong> au <a href=\"https:\/\/www.pathe.fr\/cinemas\/cinema-pathe-odysseum\" target=\"_blank\" rel=\"noopener\">cin\u00e9ma Path\u00e9 Odysseum<\/a>, 235 rue Georges M\u00e9li\u00e8s, et \u00e0 <strong>18\u00a0heures<\/strong> au <a href=\"https:\/\/www.pathe.fr\/cinemas\/cinema-pathe-comedie\" target=\"_blank\" rel=\"noopener\">cin\u00e9ma Path\u00e9 Com\u00e9die<\/a>, 10 place de la Com\u00e9die \u00e0 <a href=\"https:\/\/www.midilibre.fr\/herault\/montpellier\/\" target=\"_blank\" rel=\"noopener\">Montpellier<\/a>. Tarif unique 6\u00a0\u20ac.<\/p>\n<p>Sauver l\u2019information<\/p>\n<p><strong>Conf\u00e9rence.<\/strong>\u00a0\u00c0 l\u2019occasion de la parution de leur essai Sauver l\u2019information de l\u2019emprise des milliardaires, Olivier Legrain et Vincent Edin reviendront sur les diff\u00e9rents effets de la d\u00e9gradation constante de l\u2019information en France et proposeront en contrepoint des m\u00e9thodes et des outils permettant de lutter contre cet effondrement qui n\u2019a rien d\u2019inexorable.<\/p>\n<p>&gt;\u00a0Ce\u00a0vendredi 16\u00a0janvier \u00e0<strong> 18\u00a0h\u00a030<\/strong>\u00a0\u00e0 l\u2019auditorium du MO.CO. Panac\u00e9e, 14 rue de l\u2019\u00c9cole de Pharmacie \u00e0<a href=\"https:\/\/www.midilibre.fr\/herault\/montpellier\/\" target=\"_blank\" rel=\"noopener\"> Montpellier.<\/a> Gratuit, entr\u00e9e libre.<\/p>\n<p>Club sandwich\u00a0: Mont Rouge et Cosmic Banana<\/p>\n<p><strong>Clubbing.<\/strong> Une programmation club format 19h\/23h o\u00f9 le rideau est tir\u00e9 sur la grande sc\u00e8ne et\u00a0le DJ booth pos\u00e9 au sol fa\u00e7on Boiler Room.\u00a0Mont Rouge est un duo suisse qui red\u00e9finit le rythme de la musique \u00e9lectronique moderne. En seulement deux ans, ils ont cr\u00e9\u00e9 un son unique sur la sc\u00e8ne mondiale, bas\u00e9 sur des synth\u00e9s profonds, des grooves hypnotiques et une \u00e9motion palpable.<\/p>\n<p>&gt;\u00a0Ce\u00a0vendredi 16\u00a0janvier \u00e0 <strong>19\u00a0heures <\/strong>au <a href=\"https:\/\/www.rockstore.fr\/\" target=\"_blank\" rel=\"noopener\">Rockstore<\/a>, 20 rue de Verdun \u00e0 <a href=\"https:\/\/www.midilibre.fr\/herault\/montpellier\/\" target=\"_blank\" rel=\"noopener\">Montpellier<\/a>. <a href=\"https:\/\/shotgun.live\/fr\/events\/mont-rouge-club-sandwich-360-montpellier-rockstore\" target=\"_blank\" rel=\"noopener\">Billetterie<\/a>\u00a0: tarif regular 26\u00a0\u20ac, tarif late 31\u00a0\u20ac. Contact au\u00a004\u00a067\u00a006\u00a080\u00a000.<\/p>\n<p>Gipsy Party<\/p>\n<p><strong>F\u00eate.<\/strong> Une soir\u00e9e autour de la culture gitane, m\u00ealant rumba catalane, danse flamenca et pa\u00eblla. Avec la complicit\u00e9 de l\u2019association Cap G\u00e9ly Figuerolles, un rendez-vous festif, gourmand les \u00ab\u00a0Gipsy Party\u00a0\u00bb\u00a0! Une soire\u0301e gitane a\u0300 base de danse, de rumba catalane, de brasucade de moules et autres spe\u0301cialite\u0301s locales.<\/p>\n<p>&gt;\u00a0Ce\u00a0vendredi 16\u00a0janvier \u00e0 <strong>19\u00a0h\u00a030<\/strong> \u00e0 la <a href=\"https:\/\/www.tropisme.coop\/\" target=\"_blank\" rel=\"noopener\">Halle Tropisme<\/a>, 121 rue Fontcouverte \u00e0 <a href=\"https:\/\/www.midilibre.fr\/herault\/montpellier\/\" target=\"_blank\" rel=\"noopener\">Montpellier<\/a>. Entr\u00e9e libre, prix \u00e0 la carte. Contact au\u00a004\u00a067\u00a004\u00a008\u00a010.<\/p>\n<p>Quatre actrices et les autres<\/p>\n<blockquote data-instgrm-captioned=\"\" data-instgrm-permalink=\"https:\/\/www.instagram.com\/p\/DSuvo9ojCi7\/?utm_source=ig_embed&amp;utm_campaign=loading\" data-instgrm-version=\"14\" style=\" background:#FFF; border:0; border-radius:3px; box-shadow:0 0 1px 0 rgba(0,0,0,0.5),0 1px 10px 0 rgba(0,0,0,0.15); margin: 1px; max-width:540px; min-width:326px; padding:0; width:99.375%; width:-webkit-calc(100% - 2px); width:calc(100% - 2px);\" data-class=\"instagram-media\"\/>\n<p><strong>Th\u00e9\u00e2tre.<\/strong>\u00a0Quatre actrices cherchent\u00a0; un spectacle, une lign\u00e9e, une histoire \u00e0 raconter. Et au c\u0153ur de cette dissection, une obsession\u00a0: la femme suicid\u00e9e et suicidaire dans l\u2019histoire de l\u2019Art. Dans ce laboratoire hant\u00e9 tant par l\u2019id\u00e9e du g\u00e9nie en souffrance que par la r\u00e9miniscence d\u2019idoles, les actrices invoquent quatre figures majeures\u00a0: Iolandia Gigliotti \u2013 dite Dalida, Sarah Kane, Sylvia Plath, Romy Schneider. Que reste-t-il de ces femmes\u00a0?<\/p>\n<p>&gt;\u00a0Ce vendredi 16\u00a0janvier et samedi 17\u00a0janvier \u00e0 <strong>20\u00a0heures<\/strong> au\u00a0<a href=\"https:\/\/www.theatredelaplume.com\/\" target=\"_blank\" rel=\"noopener\">th\u00e9\u00e2tre de la Plume<\/a>, 6 rue Guillaume Pellicier \u00e0 <a href=\"https:\/\/www.midilibre.fr\/herault\/montpellier\/\" target=\"_blank\" rel=\"noopener\">Montpellier<\/a>. Plein tarif 15,44\u00a0\u20ac, tarif r\u00e9duit 12,41\u00a0\u20ac. Contact au\u00a007\u00a052\u00a063\u00a062\u00a017.<\/p>\n<p>Tableaux d\u2019une exposition<\/p>\n<p><strong>Concert.<\/strong> Entre drames antiques, paysages aquatiques, danses nostalgiques et promenades picturales, vivez une exp\u00e9rience sensorielle compl\u00e8te o\u00f9 la musique se fait pinceau et palette. Sous la direction inspir\u00e9e de Diego Ceretta, chef principal de l\u2019ORT-Orchestra de Florence, l\u2019Orchestre national Montpellier vous transporte de la trag\u00e9die antique aux splendeurs romaines, des salons viennois aux visions picturales de Moussorgski.<\/p>\n<p>&gt;\u00a0Ce\u00a0vendredi 16\u00a0janvier \u00e0<strong> 20\u00a0heures<\/strong> \u00e0 l\u2019op\u00e9ra Berlioz, au Corum de <a href=\"https:\/\/www.midilibre.fr\/herault\/montpellier\/\" target=\"_blank\" rel=\"noopener\">Montpellier<\/a>.\u00a0De 26\u00a0\u20ac \u00e0 47\u00a0\u20ac. Contact\u00a0<a href=\"https:\/\/www.opera-orchestre-montpellier.fr\/\" target=\"_blank\" rel=\"noopener\">Op\u00e9ra Orchestre national Montpellier Occitanie<\/a> au\u00a004\u00a067\u00a060\u00a019\u00a099. <\/p>\n<p>The Pookies<\/p>\n<p><strong>Concert.<\/strong>\u00a0Apr\u00e8s tant d\u2019ann\u00e9es d\u2019attente, The Pookies remettent le couvert et d\u00e9livrent enfin \u00e0 nouveau leurs meilleurs morceaux lors d\u2019un concert exceptionnel, 20 ans apr\u00e8s la sortie de leur album Stunts, Fights\u00a0&amp; Mariachies.<\/p>\n<p>&gt;\u00a0Ce vendredi 16\u00a0janvier de <strong>20\u00a0h<\/strong> \u00e0 23\u00a0heures \u00e0\u00a0<a href=\"https:\/\/www.facebook.com\/events\/1356689695924435\/?acontext=%7B%22event_action_history%22%3A%5B%5D%7D\" target=\"_blank\" rel=\"noopener\">L\u2019Antirouille<\/a>, 12 rue Anatole-France \u00e0 <a href=\"https:\/\/www.midilibre.fr\/herault\/montpellier\/\" target=\"_blank\" rel=\"noopener\">Montpellier<\/a>. Early bird 12\u00a0\u20ac, tarif normal 15\u00a0\u20ac. Contact au\u00a004\u00a067\u00a006\u00a055\u00a013.<\/p>\n<p>                                                                                                                                                                                                        <script async src=\"\/\/www.instagram.com\/embed.js\"><\/script><\/p>\n","protected":false},"excerpt":{"rendered":"\u00ab\u00a013 jours, 13 nuits\u00a0\u00bb aux cin\u00e9mas Path\u00e9, Sauver l\u2019information avec\u00a0Olivier Legrain et Vincent Edin \u00e0 la Panac\u00e9e, Mont&hellip;\n","protected":false},"author":2,"featured_media":664832,"comment_status":"","ping_status":"","sticky":false,"template":"","format":"standard","meta":{"footnotes":""},"categories":[9599],"tags":[1111,11,872,1777,674,1011,27,7089,2208,12,2680,25],"class_list":{"0":"post-664831","1":"post","2":"type-post","3":"status-publish","4":"format-standard","5":"has-post-thumbnail","7":"category-montpellier","8":"tag-actu","9":"tag-actualites","10":"tag-culture-et-loisirs","11":"tag-eu","12":"tag-europe","13":"tag-fr","14":"tag-france","15":"tag-herault","16":"tag-montpellier","17":"tag-news","18":"tag-occitanie","19":"tag-republique-francaise"},"share_on_mastodon":{"url":"https:\/\/pubeurope.com\/@fr\/115898017627602842","error":""},"_links":{"self":[{"href":"https:\/\/www.europesays.com\/fr\/wp-json\/wp\/v2\/posts\/664831","targetHints":{"allow":["GET"]}}],"collection":[{"href":"https:\/\/www.europesays.com\/fr\/wp-json\/wp\/v2\/posts"}],"about":[{"href":"https:\/\/www.europesays.com\/fr\/wp-json\/wp\/v2\/types\/post"}],"author":[{"embeddable":true,"href":"https:\/\/www.europesays.com\/fr\/wp-json\/wp\/v2\/users\/2"}],"replies":[{"embeddable":true,"href":"https:\/\/www.europesays.com\/fr\/wp-json\/wp\/v2\/comments?post=664831"}],"version-history":[{"count":0,"href":"https:\/\/www.europesays.com\/fr\/wp-json\/wp\/v2\/posts\/664831\/revisions"}],"wp:featuredmedia":[{"embeddable":true,"href":"https:\/\/www.europesays.com\/fr\/wp-json\/wp\/v2\/media\/664832"}],"wp:attachment":[{"href":"https:\/\/www.europesays.com\/fr\/wp-json\/wp\/v2\/media?parent=664831"}],"wp:term":[{"taxonomy":"category","embeddable":true,"href":"https:\/\/www.europesays.com\/fr\/wp-json\/wp\/v2\/categories?post=664831"},{"taxonomy":"post_tag","embeddable":true,"href":"https:\/\/www.europesays.com\/fr\/wp-json\/wp\/v2\/tags?post=664831"}],"curies":[{"name":"wp","href":"https:\/\/api.w.org\/{rel}","templated":true}]}}