{"id":664833,"date":"2026-01-15T07:49:10","date_gmt":"2026-01-15T07:49:10","guid":{"rendered":"https:\/\/www.europesays.com\/fr\/664833\/"},"modified":"2026-01-15T07:49:10","modified_gmt":"2026-01-15T07:49:10","slug":"un-centre-de-formation-de-chiens-guides-a-montpellier","status":"publish","type":"post","link":"https:\/\/www.europesays.com\/fr\/664833\/","title":{"rendered":"Un centre de formation de chiens guides \u00e0 Montpellier"},"content":{"rendered":"\n<p>Vasco, un labrador d\u2019un an, fera sa rentr\u00e9e le 15\u00a0janvier. Si tout va bien, dans 5 mois, il devrait \u00eatre pr\u00eat \u00e0 guider une personne d\u00e9ficiente visuelle dans ses trajets du quotidien.<\/p>\n<p>D\u00e9but janvier, l\u2019association France d\u00e9fi vision a ouvert le premier centre de formation pour chiens guides situ\u00e9 sur le territoire de l\u2019ex Languedoc-Roussillon. \u00ab\u00a0Jusqu\u2019\u00e0 pr\u00e9sent, les b\u00e9n\u00e9ficiaires devaient se rendre \u00e0 Toulouse ou \u00e0 Marseille, o\u00f9 il y a deux ans d\u2019attente pour recevoir un chien guide\u00a0\u00bb, explique Thierry Jammes, le pr\u00e9sident de l\u2019association implant\u00e9e dans le quartier du Mill\u00e9naire.<\/p>\n<p> L\u2019association cherche des familles d\u2019accueil\n              <\/p>\n<p>Prendre les transports en commun, contourner les obstacles, s\u2019arr\u00eater devant un passage pi\u00e9ton ou encore guider son ma\u00eetre dans un centre commercial bond\u00e9, les animaux seront form\u00e9s par une \u00e9ducatrice sp\u00e9cialis\u00e9e dans le parc du centre, mais aussi dans les rues de la ville. \u00ab\u00a0En plus de cr\u00e9er du lien social, le chien facilite grandement les d\u00e9placements et l\u2019autonomie. Se d\u00e9placer avec une canne blanche est tr\u00e8s stressant en comparaison.\u00a0\u00bb<\/p>\n<p>Si les chiens seront form\u00e9s du lundi au vendredi, ils ne passeront pas tout leur temps au centre pour autant. France d\u00e9fi vision cherche des familles pour accueillir les animaux, les soirs, les week-ends et pendant les vacances o\u00f9 ils pourront rencontrer de nouvelles situations de la vie quotidienne. L\u2019association cherche aussi des familles d\u2019accueil pour les chiots de 2 mois \u00e0 1 an, avant leur entr\u00e9e au centre. \u00ab\u00a0C\u2019est une action b\u00e9n\u00e9vole mais tous les frais alimentaires, v\u00e9t\u00e9rinaires et d\u2019\u00e9quipement sont pris en charge.\u00a0\u00bb Aucun pr\u00e9requis pour les familles. Appartement, maison, animaux ou enfants, tous les profils sont les bienvenus.<\/p>\n<p>* Pour devenir famille d\u2019accueil ou b\u00e9n\u00e9ficier d\u2019un chien guide\u00a0: presidence@francedefivision.fr.<\/p>\n","protected":false},"excerpt":{"rendered":"Vasco, un labrador d\u2019un an, fera sa rentr\u00e9e le 15\u00a0janvier. Si tout va bien, dans 5 mois, il&hellip;\n","protected":false},"author":2,"featured_media":664834,"comment_status":"","ping_status":"","sticky":false,"template":"","format":"standard","meta":{"footnotes":""},"categories":[9599],"tags":[1111,11,1777,674,1011,27,76565,2208,12,2680,25],"class_list":{"0":"post-664833","1":"post","2":"type-post","3":"status-publish","4":"format-standard","5":"has-post-thumbnail","7":"category-montpellier","8":"tag-actu","9":"tag-actualites","10":"tag-eu","11":"tag-europe","12":"tag-fr","13":"tag-france","14":"tag-laurie-baud","15":"tag-montpellier","16":"tag-news","17":"tag-occitanie","18":"tag-republique-francaise"},"share_on_mastodon":{"url":"https:\/\/pubeurope.com\/@fr\/115898021619992326","error":""},"_links":{"self":[{"href":"https:\/\/www.europesays.com\/fr\/wp-json\/wp\/v2\/posts\/664833","targetHints":{"allow":["GET"]}}],"collection":[{"href":"https:\/\/www.europesays.com\/fr\/wp-json\/wp\/v2\/posts"}],"about":[{"href":"https:\/\/www.europesays.com\/fr\/wp-json\/wp\/v2\/types\/post"}],"author":[{"embeddable":true,"href":"https:\/\/www.europesays.com\/fr\/wp-json\/wp\/v2\/users\/2"}],"replies":[{"embeddable":true,"href":"https:\/\/www.europesays.com\/fr\/wp-json\/wp\/v2\/comments?post=664833"}],"version-history":[{"count":0,"href":"https:\/\/www.europesays.com\/fr\/wp-json\/wp\/v2\/posts\/664833\/revisions"}],"wp:featuredmedia":[{"embeddable":true,"href":"https:\/\/www.europesays.com\/fr\/wp-json\/wp\/v2\/media\/664834"}],"wp:attachment":[{"href":"https:\/\/www.europesays.com\/fr\/wp-json\/wp\/v2\/media?parent=664833"}],"wp:term":[{"taxonomy":"category","embeddable":true,"href":"https:\/\/www.europesays.com\/fr\/wp-json\/wp\/v2\/categories?post=664833"},{"taxonomy":"post_tag","embeddable":true,"href":"https:\/\/www.europesays.com\/fr\/wp-json\/wp\/v2\/tags?post=664833"}],"curies":[{"name":"wp","href":"https:\/\/api.w.org\/{rel}","templated":true}]}}