{"id":664835,"date":"2026-01-15T07:50:09","date_gmt":"2026-01-15T07:50:09","guid":{"rendered":"https:\/\/www.europesays.com\/fr\/664835\/"},"modified":"2026-01-15T07:50:09","modified_gmt":"2026-01-15T07:50:09","slug":"cette-operation-doit-changer-le-visage-de-la-rive-gauche-a-rouen-dici-10-ans","status":"publish","type":"post","link":"https:\/\/www.europesays.com\/fr\/664835\/","title":{"rendered":"cette op\u00e9ration doit changer le visage de la rive gauche \u00e0 Rouen d&rsquo;ici 10 ans"},"content":{"rendered":"<p>                    Par<br \/>\n        <strong><br \/>\n            <a href=\"https:\/\/actu.fr\/auteur\/fmass\" title=\"Consulter tous les articles de Fabien Massin\" target=\"_blank\" rel=\"noopener\">Fabien Massin<\/a><br \/>\n                    <\/strong><\/p>\n<p>        Publi\u00e9 le<\/p>\n<p>            15 janv. 2026 \u00e0 7h46        <\/p>\n<p>Dans l\u2019agglo de <a href=\"https:\/\/actu.fr\/normandie\/rouen_76540\" target=\"_blank\" rel=\"noopener\">Rouen (Seine-Maritime)<\/a>, il y a eu l\u2019op\u00e9ration <a href=\"https:\/\/actu.fr\/normandie\/rouen_76540\/carte-coeur-metropole-rouen-place-pietons-dans-futur-centre-ville_13284857.html\" target=\"_blank\" rel=\"noopener\">C\u0153ur de M\u00e9tropole<\/a>, il y aura au cours de prochaines ann\u00e9es C\u0153ur Saint-Sever. Il s\u2019agit d\u2019une vaste op\u00e9ration urbanistique, qui visera \u00e0<strong> r\u00e9nover et redynamiser le quartier autour de la rue Saint-Sever<\/strong>, avec en ligne de mire \u00e9galement l\u2019arriv\u00e9e attendue d\u2019une nouvelle gare ferroviaire. Elle durera une dizaine d\u2019ann\u00e9es et sera conduite par Rouen Normandie Am\u00e9nagement, l\u2019agence d\u2019am\u00e9nagement urbain de la <a href=\"https:\/\/actu.fr\/tag\/metropole-rouen\" target=\"_blank\" rel=\"noopener\">M\u00e9tropole rouennaise<\/a>. Ces derni\u00e8res ann\u00e9es, une phase de concertation a \u00e9t\u00e9 men\u00e9e, avec les habitants. <strong>Cette \u00e9tape est d\u00e9sormais termin\u00e9e<\/strong>.<\/p>\n<p>\u00ab\u2009Une op\u00e9ration urbanistique essentielle\u2009\u00bb<\/p>\n<p class=\" wall-content\">\u00ab\u2009C\u2019est une op\u00e9ration urbanistique essentielle pour la r\u00e9novation et l\u2019\u00e9quilibre \u00e9conomique du quartier, estime <strong>Abdelkrim Marchani<\/strong>, vice-pr\u00e9sident de la M\u00e9tropole en charge de l\u2019\u00e9conomie et de l\u2019attractivit\u00e9. On le voit bien, il y a ici besoin de l\u2019intervention de la puissance publique, sans quoi la redynamisation du quartier ne pourra se faire.\u2009\u00bb<\/p>\n<blockquote class=\"ac-article-quote wall-content\">\n<p>Pendant longtemps, pour concevoir le renouvellement du quartier, nous avons attendu l&rsquo;arriv\u00e9e de la gare. D\u00e9sormais nous faisons l&rsquo;inverse, nous envisageons d\u00e8s \u00e0 pr\u00e9sent le quartier r\u00e9nov\u00e9 comme un r\u00e9ceptacle de la nouvelle gare, quand elle arrivera.\u00a0<\/p>\n<p>    <strong>Abdelkrim Marchani<\/strong><br \/>\n        Vice-pr\u00e9sident de la M\u00e9tropole en charge de l&rsquo;\u00e9conomie et de l&rsquo;attractivit\u00e9.    <\/p><\/blockquote>\n<p class=\" wall-content\">Le p\u00e9rim\u00e8tre concern\u00e9 fait 6\u2009800\u00a0m\u00e8tres carr\u00e9s, englobant la <strong>rue Lafayette, la place Saint-Sever, la place des Emmur\u00e9es, la rue Blaise-Pascal ou encore la rue d\u2019Elbeuf<\/strong>. Sur 3\u2009800\u00a0m\u00e8tres carr\u00e9s, il s\u2019agira de r\u00e9nover ou de construire des logements, le reste ce sera de l\u2019activit\u00e9 \u00e9conomique \u00e0 redynamiser.<\/p>\n<p class=\" wall-content\">\u00ab\u2009Lors de la concertation, la participation a \u00e9t\u00e9 bonne et les retours sont tr\u00e8s int\u00e9ressants, se r\u00e9jouit Abdelkrim Marchani. De nombreux sujets ont \u00e9t\u00e9 soulev\u00e9s, comme la question des acc\u00e8s, dont ceux \u00e0 la future gare, <strong>la question de la pause m\u00e9ridienne<\/strong> \u2014 comment faire en sorte que le quartier offre tout ce dont ceux qui y travaillent ont besoin le midi\u2009? \u2014,<strong> le cas des lyc\u00e9ens<\/strong> \u2014 comment am\u00e9liorer leur vie au quotidien et faire que le quartier soit plus sympa \u00e0 vivre\u2009? \u2014, <strong>les probl\u00e8mes de suret\u00e9<\/strong>, etc.\u2009\u00bb<\/p>\n<p>Du foncier d\u00e9j\u00e0 acquis<\/p>\n<p class=\" wall-content\">L\u2019investissement estim\u00e9 sera de <strong>23\u00a0millions d\u2019euros<\/strong>, dont 14\u00a0millions \u00e0 la charge de la Ville\/M\u00e9tropole, le reste par d\u2019autres partenaires \u00e0 trouver.<\/p>\n<p class=\" wall-content\">\u00ab\u2009Il s\u2019agit qu\u2019un projet long et strat\u00e9gique, et nous savons d\u00e9j\u00e0 que nous ne pourrons pas tout faire, il faudra faire des choix, souligne Abdelkrim Marchani. Nous avons d\u00e9j\u00e0 acquis du foncier, des diagnostics ont \u00e9t\u00e9 \u00e9tablis, et il y a eu tous les \u00e9changes conduits lors de la concertation. <strong>Il y a d\u00e9sormais des \u00e9lections en mars<\/strong>. \u00c0 charge de la future \u00e9quipe de se saisir de tout ce qui a d\u00e9j\u00e0 \u00e9t\u00e9 fait pour lancer concr\u00e8tement l\u2019op\u00e9ration.\u2009\u00bb<\/p>\n<p>Votre r\u00e9gion, votre actu !<\/p>\n<p>Recevez chaque jour les infos qui comptent pour vous.<\/p>\n<p>\t<a href=\"https:\/\/actu.fr\/newsletter\" class=\"ac-btn ac-btn--corner ac-btn--medium ac-btn--blue800\" target=\"_blank\" rel=\"noopener\">S&rsquo;incrire<\/a><br \/>\nSuivez l\u2019actualit\u00e9 de Rouen sur notre <a href=\"https:\/\/www.whatsapp.com\/channel\/0029VaKfnf99hXF2ddApFB1D\" target=\"_blank\" rel=\"noopener\">cha\u00eene WhatsApp<\/a> et sur notre <a href=\"https:\/\/www.tiktok.com\/@76actu.fr?lang=fr\" target=\"_blank\" rel=\"noopener\">compte TikTok<\/a><\/p>\n<p class=\" wall-content\">Personnalisez votre actualit\u00e9 en ajoutant vos villes et m\u00e9dias en favori avec <a href=\"https:\/\/moncompte.actu.fr\" title=\"D\u00e9couvez Mon Actu\" rel=\"nofollow noopener\" data-trk=\"{&quot;cta&quot;:{&quot;action&quot;:&quot;https:\\\/\\\/moncompte.actu.fr&quot;,&quot;category&quot;:&quot;mon compte&quot;,&quot;from&quot;:&quot;article footer&quot;,&quot;name&quot;:&quot;Mon actu&quot;,&quot;type&quot;:&quot;cta&quot;}}\" target=\"_blank\">Mon Actu<\/a>.<\/p>\n<p>                    <script async src=\"\/\/www.tiktok.com\/embed.js\"><\/script><\/p>\n","protected":false},"excerpt":{"rendered":"Par Fabien Massin Publi\u00e9 le 15 janv. 2026 \u00e0 7h46 Dans l\u2019agglo de Rouen (Seine-Maritime), il y a&hellip;\n","protected":false},"author":2,"featured_media":664836,"comment_status":"","ping_status":"","sticky":false,"template":"","format":"standard","meta":{"footnotes":""},"categories":[9587],"tags":[1111,11,1777,674,1011,27,9725,12,5161,25,9590,104,2086,1352],"class_list":{"0":"post-664835","1":"post","2":"type-post","3":"status-publish","4":"format-standard","5":"has-post-thumbnail","7":"category-rouen","8":"tag-actu","9":"tag-actualites","10":"tag-eu","11":"tag-europe","12":"tag-fr","13":"tag-france","14":"tag-metropole-rouen","15":"tag-news","16":"tag-normandie","17":"tag-republique-francaise","18":"tag-rouen","19":"tag-societe","20":"tag-travaux","21":"tag-urbanisme"},"share_on_mastodon":{"url":"https:\/\/pubeurope.com\/@fr\/115898025490009977","error":""},"_links":{"self":[{"href":"https:\/\/www.europesays.com\/fr\/wp-json\/wp\/v2\/posts\/664835","targetHints":{"allow":["GET"]}}],"collection":[{"href":"https:\/\/www.europesays.com\/fr\/wp-json\/wp\/v2\/posts"}],"about":[{"href":"https:\/\/www.europesays.com\/fr\/wp-json\/wp\/v2\/types\/post"}],"author":[{"embeddable":true,"href":"https:\/\/www.europesays.com\/fr\/wp-json\/wp\/v2\/users\/2"}],"replies":[{"embeddable":true,"href":"https:\/\/www.europesays.com\/fr\/wp-json\/wp\/v2\/comments?post=664835"}],"version-history":[{"count":0,"href":"https:\/\/www.europesays.com\/fr\/wp-json\/wp\/v2\/posts\/664835\/revisions"}],"wp:featuredmedia":[{"embeddable":true,"href":"https:\/\/www.europesays.com\/fr\/wp-json\/wp\/v2\/media\/664836"}],"wp:attachment":[{"href":"https:\/\/www.europesays.com\/fr\/wp-json\/wp\/v2\/media?parent=664835"}],"wp:term":[{"taxonomy":"category","embeddable":true,"href":"https:\/\/www.europesays.com\/fr\/wp-json\/wp\/v2\/categories?post=664835"},{"taxonomy":"post_tag","embeddable":true,"href":"https:\/\/www.europesays.com\/fr\/wp-json\/wp\/v2\/tags?post=664835"}],"curies":[{"name":"wp","href":"https:\/\/api.w.org\/{rel}","templated":true}]}}