{"id":664837,"date":"2026-01-15T07:51:13","date_gmt":"2026-01-15T07:51:13","guid":{"rendered":"https:\/\/www.europesays.com\/fr\/664837\/"},"modified":"2026-01-15T07:51:13","modified_gmt":"2026-01-15T07:51:13","slug":"ronel-en-dedicace-rouen-fr","status":"publish","type":"post","link":"https:\/\/www.europesays.com\/fr\/664837\/","title":{"rendered":"Ronel en d\u00e9dicace | Rouen.fr"},"content":{"rendered":"\n<p>         Publi\u00e9 le\u00a0:\u00a0       <\/p>\n<p>Jeudi 15 janvier 2026 &#8211; 07h59<\/p>\n<p>         Th\u00e8me d\u2019actualit\u00e9\u00a0:\u00a0       <\/p>\n<p>                            <img loading=\"lazy\" decoding=\"async\" typeof=\"foaf:Image\" src=\"https:\/\/www.europesays.com\/fr\/wp-content\/uploads\/2026\/01\/carrousel_ronel.jpg\" width=\"640\" height=\"640\" alt=\"livre carrousel de Ronel\" title=\"livre carrousel de Ronel\"\/>                          <\/p>\n<p>De Ronel \u00e0 Rouen, il n\u2019y a toujours eu qu\u2019un battement de \u00ab\u00a0l\u00a0\u00bb\u2026<br \/>Le peintre confirme son attachement \u00e0 l\u2019\u00a0\u00ab\u00a0Ath\u00e8nes du genre gothique\u00a0\u00bb (Stendhal) avec une \u00a0nouvelle cr\u00e9ation.<br \/>Apr\u00e8s une s\u00e9rie de tableaux sur Rouen, l\u2019artiste propose en ce d\u00e9but d&rsquo;ann\u00e9e un livre comme un carrousel restituant cinq lieux embl\u00e9matiques de la ville. Un livre pop up qui prend du volume, donc et o\u00f9 l\u2019on retrouve \u2013 fa\u00e7on Ronel \u2013 la Cath\u00e9drale, la rue Damiette, le Gros-Horloge, l\u2019a\u00eetre Saint-Maclou et le port.<br \/>L&rsquo;artiste est en d\u00e9dicace \u00e0 la galerie Rollin<\/p>\n<p>Informations pratiques<\/p>\n<p>Rencontre-d\u00e9dicace avec Ronel, samedi 17 janvier \u00e0 partir de 15h \u00e0 la galerie Rollin.<\/p>\n","protected":false},"excerpt":{"rendered":"Publi\u00e9 le\u00a0:\u00a0 Jeudi 15 janvier 2026 &#8211; 07h59 Th\u00e8me d\u2019actualit\u00e9\u00a0:\u00a0 De Ronel \u00e0 Rouen, il n\u2019y a toujours&hellip;\n","protected":false},"author":2,"featured_media":664838,"comment_status":"","ping_status":"","sticky":false,"template":"","format":"standard","meta":{"footnotes":""},"categories":[9587],"tags":[1111,11,1777,674,1011,27,12,5161,25,9590],"class_list":{"0":"post-664837","1":"post","2":"type-post","3":"status-publish","4":"format-standard","5":"has-post-thumbnail","7":"category-rouen","8":"tag-actu","9":"tag-actualites","10":"tag-eu","11":"tag-europe","12":"tag-fr","13":"tag-france","14":"tag-news","15":"tag-normandie","16":"tag-republique-francaise","17":"tag-rouen"},"share_on_mastodon":{"url":"https:\/\/pubeurope.com\/@fr\/115898029527438072","error":""},"_links":{"self":[{"href":"https:\/\/www.europesays.com\/fr\/wp-json\/wp\/v2\/posts\/664837","targetHints":{"allow":["GET"]}}],"collection":[{"href":"https:\/\/www.europesays.com\/fr\/wp-json\/wp\/v2\/posts"}],"about":[{"href":"https:\/\/www.europesays.com\/fr\/wp-json\/wp\/v2\/types\/post"}],"author":[{"embeddable":true,"href":"https:\/\/www.europesays.com\/fr\/wp-json\/wp\/v2\/users\/2"}],"replies":[{"embeddable":true,"href":"https:\/\/www.europesays.com\/fr\/wp-json\/wp\/v2\/comments?post=664837"}],"version-history":[{"count":0,"href":"https:\/\/www.europesays.com\/fr\/wp-json\/wp\/v2\/posts\/664837\/revisions"}],"wp:featuredmedia":[{"embeddable":true,"href":"https:\/\/www.europesays.com\/fr\/wp-json\/wp\/v2\/media\/664838"}],"wp:attachment":[{"href":"https:\/\/www.europesays.com\/fr\/wp-json\/wp\/v2\/media?parent=664837"}],"wp:term":[{"taxonomy":"category","embeddable":true,"href":"https:\/\/www.europesays.com\/fr\/wp-json\/wp\/v2\/categories?post=664837"},{"taxonomy":"post_tag","embeddable":true,"href":"https:\/\/www.europesays.com\/fr\/wp-json\/wp\/v2\/tags?post=664837"}],"curies":[{"name":"wp","href":"https:\/\/api.w.org\/{rel}","templated":true}]}}