{"id":664839,"date":"2026-01-15T07:52:11","date_gmt":"2026-01-15T07:52:11","guid":{"rendered":"https:\/\/www.europesays.com\/fr\/664839\/"},"modified":"2026-01-15T07:52:11","modified_gmt":"2026-01-15T07:52:11","slug":"metropole-de-grenoble-quatre-jeunes-gens-interpelles-apres-des-degradations-dans-un-quartier-deybens","status":"publish","type":"post","link":"https:\/\/www.europesays.com\/fr\/664839\/","title":{"rendered":"M\u00e9tropole de Grenoble. Quatre jeunes gens interpell\u00e9s apr\u00e8s des d\u00e9gradations dans un quartier d&rsquo;Eybens"},"content":{"rendered":"<p>Quatre jeunes gens, \u00e2g\u00e9s de 19 \u00e0 21 ans, ont \u00e9t\u00e9 interpell\u00e9s ces derni\u00e8res heures par la gendarmerie dans le cadre d\u2019une enqu\u00eate men\u00e9e sur des d\u00e9gradations commises en juin dernier, dans le quartier des Coulmes, \u00e0 Eybens.<\/p>\n<p>Ce contenu est bloqu\u00e9 car vous n&rsquo;avez pas accept\u00e9 les cookies et autres traceurs.<\/p>\n<p>En cliquant sur \u00ab J\u2019accepte \u00bb, les cookies et autres traceurs seront d\u00e9pos\u00e9s et vous pourrez visualiser les contenus  (<a href=\"\" class=\"consentModule_policy\" target=\"_blank\" title=\"Consulter la politique de protection des donn\u00e9es du fournisseur\">plus d&rsquo;informations<\/a>).<\/p>\n<p>En cliquant sur \u00ab J\u2019accepte tous les cookies \u00bb, vous autorisez des d\u00e9p\u00f4ts de cookies et autres traceurs pour le stockage de vos donn\u00e9es sur nos sites et applications \u00e0 des fins de personnalisation et de ciblage publicitaire.<\/p>\n<p class=\"consentModule_secondaryText\">Vous gardez la possibilit\u00e9 de retirer votre consentement \u00e0 tout moment en consultant notre <a href=\"https:\/\/www.ledauphine.com\/protection-des-donnees\" target=\"_blank\" title=\"Consulter notre politique de protection des donn\u00e9es\" rel=\"noopener\">politique de protection des donn\u00e9es<\/a>. <br \/>&#13;<br \/>\n            <a href=\"https:\/\/www.ledauphine.com\/faits-divers-justice\/2026\/01\/15\/javascript:Didomi.notice.show()\" class=\"consentModule_cmp\" target=\"_blank\" rel=\"noopener\">G\u00e9rer mes choix<\/a>&#13;\n        <\/p>\n<p>&#13;<br \/>\n                        J&rsquo;accepte&#13;<br \/>\n            J&rsquo;accepte tous les cookies&#13;\n        <\/p>\n<p>Un bloc \u00e9lectrique de la commune avait \u00e9t\u00e9 d\u00e9truit et des graffitis hostiles au maire et \u00e0 la gendarmerie avaient \u00e9t\u00e9 inscrits par les suspects qui, de surcro\u00eet, stationnaient dans les halls d\u2019immeuble et g\u00eanaient les habitants.\u00a0<\/p>\n<p>Les quatre jeunes, domicili\u00e9s \u00e0 Eybens pour deux d\u2019entre eux et \u00e0 Saint-Martin-d\u2019H\u00e8res pour les deux autres, ont \u00e9t\u00e9 plac\u00e9s en garde \u00e0 vue.<\/p>\n","protected":false},"excerpt":{"rendered":"Quatre jeunes gens, \u00e2g\u00e9s de 19 \u00e0 21 ans, ont \u00e9t\u00e9 interpell\u00e9s ces derni\u00e8res heures par la gendarmerie&hellip;\n","protected":false},"author":2,"featured_media":664840,"comment_status":"","ping_status":"","sticky":false,"template":"","format":"standard","meta":{"footnotes":""},"categories":[9566],"tags":[1111,11,2430,271,272,112,1777,674,12390,274,107,1011,27,2731,108,7000,12,25,9448],"class_list":{"0":"post-664839","1":"post","2":"type-post","3":"status-publish","4":"format-standard","5":"has-post-thumbnail","7":"category-grenoble","8":"tag-actu","9":"tag-actualites","10":"tag-auvergne-rhone-alpes","11":"tag-crime","12":"tag-delit-et-contravention","13":"tag-edition-grenoble-agglomeration","14":"tag-eu","15":"tag-europe","16":"tag-eybens","17":"tag-faits-divers-justice","18":"tag-fil-info","19":"tag-fr","20":"tag-france","21":"tag-grenoble","22":"tag-isere","23":"tag-lagglomeration","24":"tag-news","25":"tag-republique-francaise","26":"tag-saint-martin-dheres"},"share_on_mastodon":{"url":"https:\/\/pubeurope.com\/@fr\/115898033422333433","error":""},"_links":{"self":[{"href":"https:\/\/www.europesays.com\/fr\/wp-json\/wp\/v2\/posts\/664839","targetHints":{"allow":["GET"]}}],"collection":[{"href":"https:\/\/www.europesays.com\/fr\/wp-json\/wp\/v2\/posts"}],"about":[{"href":"https:\/\/www.europesays.com\/fr\/wp-json\/wp\/v2\/types\/post"}],"author":[{"embeddable":true,"href":"https:\/\/www.europesays.com\/fr\/wp-json\/wp\/v2\/users\/2"}],"replies":[{"embeddable":true,"href":"https:\/\/www.europesays.com\/fr\/wp-json\/wp\/v2\/comments?post=664839"}],"version-history":[{"count":0,"href":"https:\/\/www.europesays.com\/fr\/wp-json\/wp\/v2\/posts\/664839\/revisions"}],"wp:featuredmedia":[{"embeddable":true,"href":"https:\/\/www.europesays.com\/fr\/wp-json\/wp\/v2\/media\/664840"}],"wp:attachment":[{"href":"https:\/\/www.europesays.com\/fr\/wp-json\/wp\/v2\/media?parent=664839"}],"wp:term":[{"taxonomy":"category","embeddable":true,"href":"https:\/\/www.europesays.com\/fr\/wp-json\/wp\/v2\/categories?post=664839"},{"taxonomy":"post_tag","embeddable":true,"href":"https:\/\/www.europesays.com\/fr\/wp-json\/wp\/v2\/tags?post=664839"}],"curies":[{"name":"wp","href":"https:\/\/api.w.org\/{rel}","templated":true}]}}