{"id":664841,"date":"2026-01-15T07:53:11","date_gmt":"2026-01-15T07:53:11","guid":{"rendered":"https:\/\/www.europesays.com\/fr\/664841\/"},"modified":"2026-01-15T07:53:11","modified_gmt":"2026-01-15T07:53:11","slug":"grenoble-la-planque-des-vendeurs-a-la-sauvette-de-tabac-etait-dans-une-ancienne-agence-postale","status":"publish","type":"post","link":"https:\/\/www.europesays.com\/fr\/664841\/","title":{"rendered":"Grenoble : la planque des vendeurs \u00e0 la sauvette de tabac \u00e9tait dans une ancienne agence postale"},"content":{"rendered":"<p><strong><img loading=\"lazy\" decoding=\"async\" class=\"alignright size-medium wp-image-112137\" src=\"https:\/\/www.europesays.com\/fr\/wp-content\/uploads\/2026\/01\/Dealer-Grenoble.jpg\" alt=\"\" width=\"300\" height=\"150\"  \/><\/strong><\/p>\n<p><strong>Les policiers de la Brigade sp\u00e9cialis\u00e9e de terrain (BST), qui patrouillaient dans le quartier du Village Olympique \u00e0 Grenoble, ce 13\u00a0janvier, ont interpell\u00e9 deux hommes suspect\u00e9s de se livrer au trafic de tabac. Nous reprenons l\u2019information du Dauphin\u00e9 Lib\u00e9r\u00e9.<\/strong><\/p>\n<p>Les faits se sont d\u00e9roul\u00e9s peu apr\u00e8s 14\u00a0heures lorsque les gardiens de la paix ont remarqu\u00e9 un homme qui prenait la fuite \u00e0 leur vue en laissant tomber \u00e0 terre un sac contenant une douzaine de paquets de cigarettes.<br \/>Pensant leur avoir \u00e9chapp\u00e9, le suspect est entr\u00e9 quelques minutes plus tard dans les locaux d\u00e9saffect\u00e9s et squatt\u00e9s d\u2019une ancienne agence postale.<\/p>\n<p>Par la suite, les policiers ont constat\u00e9 qu\u2019un deuxi\u00e8me homme ouvrait la porte de ce local et ils ont d\u00e9cid\u00e9 de proc\u00e9der imm\u00e9diatement \u00e0 son contr\u00f4le \u00e0 l\u2019ext\u00e9rieur des lieux. Ils ont alors aper\u00e7u plusieurs cartouches de cigarettes sur une \u00e9tag\u00e8re, face \u00e0 la porte d\u2019entr\u00e9e\u2026<\/p>\n<p><strong>Les deux suspects, \u00e2g\u00e9s de 21 et 30\u00a0ans, ont \u00e9t\u00e9 interpell\u00e9s et les locaux ont \u00e9t\u00e9 perquisitionn\u00e9s. On y a trouv\u00e9 un petit stock de tabac et 1\u00a0200\u00a0euros en esp\u00e8ces. Les deux suspects ont \u00e9t\u00e9 plac\u00e9s en garde \u00e0 vue.<\/strong><\/p>\n<p>(Voir <a href=\"https:\/\/www.lemondedutabac.com\/grenoble-les-proportions-prises-par-le-trafic-de-tabac-et-par-les-violences-quil-induit-sont-effarantes-le-parquet\/\" target=\"_blank\" rel=\"noopener\">12\u00a0janvier<\/a>)<\/p>\n","protected":false},"excerpt":{"rendered":"Les policiers de la Brigade sp\u00e9cialis\u00e9e de terrain (BST), qui patrouillaient dans le quartier du Village Olympique \u00e0&hellip;\n","protected":false},"author":2,"featured_media":664842,"comment_status":"","ping_status":"","sticky":false,"template":"","format":"standard","meta":{"footnotes":""},"categories":[9566],"tags":[1111,11,2430,1777,674,1011,27,2731,12,25],"class_list":{"0":"post-664841","1":"post","2":"type-post","3":"status-publish","4":"format-standard","5":"has-post-thumbnail","7":"category-grenoble","8":"tag-actu","9":"tag-actualites","10":"tag-auvergne-rhone-alpes","11":"tag-eu","12":"tag-europe","13":"tag-fr","14":"tag-france","15":"tag-grenoble","16":"tag-news","17":"tag-republique-francaise"},"share_on_mastodon":{"url":"https:\/\/pubeurope.com\/@fr\/115898037369037710","error":""},"_links":{"self":[{"href":"https:\/\/www.europesays.com\/fr\/wp-json\/wp\/v2\/posts\/664841","targetHints":{"allow":["GET"]}}],"collection":[{"href":"https:\/\/www.europesays.com\/fr\/wp-json\/wp\/v2\/posts"}],"about":[{"href":"https:\/\/www.europesays.com\/fr\/wp-json\/wp\/v2\/types\/post"}],"author":[{"embeddable":true,"href":"https:\/\/www.europesays.com\/fr\/wp-json\/wp\/v2\/users\/2"}],"replies":[{"embeddable":true,"href":"https:\/\/www.europesays.com\/fr\/wp-json\/wp\/v2\/comments?post=664841"}],"version-history":[{"count":0,"href":"https:\/\/www.europesays.com\/fr\/wp-json\/wp\/v2\/posts\/664841\/revisions"}],"wp:featuredmedia":[{"embeddable":true,"href":"https:\/\/www.europesays.com\/fr\/wp-json\/wp\/v2\/media\/664842"}],"wp:attachment":[{"href":"https:\/\/www.europesays.com\/fr\/wp-json\/wp\/v2\/media?parent=664841"}],"wp:term":[{"taxonomy":"category","embeddable":true,"href":"https:\/\/www.europesays.com\/fr\/wp-json\/wp\/v2\/categories?post=664841"},{"taxonomy":"post_tag","embeddable":true,"href":"https:\/\/www.europesays.com\/fr\/wp-json\/wp\/v2\/tags?post=664841"}],"curies":[{"name":"wp","href":"https:\/\/api.w.org\/{rel}","templated":true}]}}