{"id":664843,"date":"2026-01-15T07:54:09","date_gmt":"2026-01-15T07:54:09","guid":{"rendered":"https:\/\/www.europesays.com\/fr\/664843\/"},"modified":"2026-01-15T07:54:09","modified_gmt":"2026-01-15T07:54:09","slug":"a-rennes-en-pleine-nuit-un-jeune-homme-fait-une-chute-mortelle-de-plusieurs-etages","status":"publish","type":"post","link":"https:\/\/www.europesays.com\/fr\/664843\/","title":{"rendered":"\u00c0 Rennes, en pleine nuit, un jeune homme fait une chute mortelle de plusieurs \u00e9tages"},"content":{"rendered":"<p>                    Par<br \/>\n        <strong><br \/>\n            <a href=\"https:\/\/actu.fr\/auteur\/brian-legoff\" title=\"Consulter tous les articles de Brian Le Goff\" target=\"_blank\" rel=\"noopener\">Brian Le Goff<\/a><br \/>\n                    <\/strong><\/p>\n<p>        Publi\u00e9 le<\/p>\n<p>            15 janv. 2026 \u00e0 8h42        <\/p>\n<p>Les pompiers ont \u00e9t\u00e9 pr\u00e9venus \u00e0<strong> 2h34 du matin, jeudi 15\u00a0janvier<\/strong>. Selon le centre op\u00e9rationnel d\u00e9partemental d\u2019incendie et de secours (Codis), un homme a fait une <strong>chute mortelle<\/strong> du cinqui\u00e8me \u00e9tage d\u2019un immeuble situ\u00e9 <strong>boulevard Saint-Jean-Baptiste-de la-Salle<\/strong>, \u00e0 <a href=\"https:\/\/actu.fr\/rennes\/\" target=\"_blank\" rel=\"noopener\">Rennes<\/a>, quelques instants plus t\u00f4t.<\/p>\n<p>Tentative de r\u00e9animation<\/p>\n<p class=\" wall-content\">Rapidement intervenus sur place, les pompiers ont \u00e9t\u00e9 appuy\u00e9s par une \u00e9quipe du Smur. Une <strong>tentative de r\u00e9animation cardiopulmonaire<\/strong> a \u00e9t\u00e9 effectu\u00e9e par les secours, <strong>en vain.<\/strong><\/p>\n<p class=\" wall-content\">Contact\u00e9e, la police indique quant \u00e0 elle que la chute a eue lieu du troisi\u00e8me \u00e9tage. Il s\u2019agit d\u2019un homme de 25\u00a0ans. L\u2019enqu\u00eate devra d\u00e9terminer les circonstances de l\u2019incident et s\u2019il s\u2019agit d\u2019une chute ou d\u2019un saut.<\/p>\n<p class=\" wall-content\">Personnalisez votre actualit\u00e9 en ajoutant vos villes et m\u00e9dias en favori avec <a href=\"https:\/\/moncompte.actu.fr\" title=\"D\u00e9couvez Mon Actu\" rel=\"nofollow noopener\" data-trk=\"{&quot;cta&quot;:{&quot;action&quot;:&quot;https:\\\/\\\/moncompte.actu.fr&quot;,&quot;category&quot;:&quot;mon compte&quot;,&quot;from&quot;:&quot;article footer&quot;,&quot;name&quot;:&quot;Mon actu&quot;,&quot;type&quot;:&quot;cta&quot;}}\" target=\"_blank\">Mon Actu<\/a>.<\/p>\n","protected":false},"excerpt":{"rendered":"Par Brian Le Goff Publi\u00e9 le 15 janv. 2026 \u00e0 8h42 Les pompiers ont \u00e9t\u00e9 pr\u00e9venus \u00e0 2h34&hellip;\n","protected":false},"author":2,"featured_media":591228,"comment_status":"","ping_status":"","sticky":false,"template":"","format":"standard","meta":{"footnotes":""},"categories":[2821],"tags":[1111,11,829,1777,674,118,1011,27,12,1311,584,25],"class_list":{"0":"post-664843","1":"post","2":"type-post","3":"status-publish","4":"format-standard","5":"has-post-thumbnail","7":"category-rennes","8":"tag-actu","9":"tag-actualites","10":"tag-bretagne","11":"tag-eu","12":"tag-europe","13":"tag-faits-divers","14":"tag-fr","15":"tag-france","16":"tag-news","17":"tag-pompiers","18":"tag-rennes","19":"tag-republique-francaise"},"share_on_mastodon":{"url":"https:\/\/pubeurope.com\/@fr\/115898041269028183","error":""},"_links":{"self":[{"href":"https:\/\/www.europesays.com\/fr\/wp-json\/wp\/v2\/posts\/664843","targetHints":{"allow":["GET"]}}],"collection":[{"href":"https:\/\/www.europesays.com\/fr\/wp-json\/wp\/v2\/posts"}],"about":[{"href":"https:\/\/www.europesays.com\/fr\/wp-json\/wp\/v2\/types\/post"}],"author":[{"embeddable":true,"href":"https:\/\/www.europesays.com\/fr\/wp-json\/wp\/v2\/users\/2"}],"replies":[{"embeddable":true,"href":"https:\/\/www.europesays.com\/fr\/wp-json\/wp\/v2\/comments?post=664843"}],"version-history":[{"count":0,"href":"https:\/\/www.europesays.com\/fr\/wp-json\/wp\/v2\/posts\/664843\/revisions"}],"wp:featuredmedia":[{"embeddable":true,"href":"https:\/\/www.europesays.com\/fr\/wp-json\/wp\/v2\/media\/591228"}],"wp:attachment":[{"href":"https:\/\/www.europesays.com\/fr\/wp-json\/wp\/v2\/media?parent=664843"}],"wp:term":[{"taxonomy":"category","embeddable":true,"href":"https:\/\/www.europesays.com\/fr\/wp-json\/wp\/v2\/categories?post=664843"},{"taxonomy":"post_tag","embeddable":true,"href":"https:\/\/www.europesays.com\/fr\/wp-json\/wp\/v2\/tags?post=664843"}],"curies":[{"name":"wp","href":"https:\/\/api.w.org\/{rel}","templated":true}]}}