{"id":664845,"date":"2026-01-15T07:56:25","date_gmt":"2026-01-15T07:56:25","guid":{"rendered":"https:\/\/www.europesays.com\/fr\/664845\/"},"modified":"2026-01-15T07:56:25","modified_gmt":"2026-01-15T07:56:25","slug":"cette-creche-impressionnante-est-encore-visible-tout-ce-mois-de-janvier-2026","status":"publish","type":"post","link":"https:\/\/www.europesays.com\/fr\/664845\/","title":{"rendered":"cette cr\u00e8che impressionnante est encore visible tout ce mois de janvier 2026"},"content":{"rendered":"<p>                    Par<br \/>\n        <strong><br \/>\n            <a href=\"https:\/\/actu.fr\/auteur\/ivan-capecchi\" title=\"Consulter tous les articles de Ivan CAPECCHI\" target=\"_blank\" rel=\"noopener\">Ivan CAPECCHI<\/a><br \/>\n                    <\/strong><\/p>\n<p>        Publi\u00e9 le<\/p>\n<p>            15 janv. 2026 \u00e0 7h02        <\/p>\n<p>Avis aux amateurs de cr\u00e8che\u2009: celle de la <strong>paroisse Saint-Aloyse<\/strong> est \u00e0 voir au moins une fois dans sa vie de Strasbourgeois. Et \u00e7a tombe bien, puisque <a href=\"https:\/\/actu.fr\/grand-est\/strasbourg_67482\/strasbourg-riche-en-details-cette-creche-monumentale-emerveille-les-visiteurs_61980848.html\" target=\"_blank\" rel=\"noopener\">cette cr\u00e8che monumentale<\/a> est encore visible <strong>jusqu\u2019au 2\u00a0f\u00e9vrier 2026<\/strong>.<\/p>\n<p>Une cr\u00e8che monumentale qui fourmille de d\u00e9tails<\/p>\n<p class=\" wall-content\">Pr\u00eat\u00e9e par le p\u00e8re R\u00e9gis Laul\u00e9, cur\u00e9 de la paroisse avant de devenir recteur du <a href=\"https:\/\/actu.fr\/tag\/mont-saint-odile-alsace\" target=\"_blank\" rel=\"noopener\">Mont Sainte-Odile<\/a>, cette cr\u00e8che n\u00e9cessite plusieurs jours de montage.<\/p>\n<p class=\" wall-content\">Elle repr\u00e9sente de nombreuses sc\u00e8nes diff\u00e9rentes. On y retrouve des repr\u00e9sentations de <strong>l\u2019arche de No\u00e9<\/strong>, de la r\u00e9surrection, de la <strong>cath\u00e9drale Notre-Dame<\/strong> et de la <a href=\"https:\/\/actu.fr\/grand-est\/strasbourg_67482\/a-strasbourg-la-celebre-maison-kammerzell-va-connaitre-d-importants-travaux-voici-le-detail_63164816.html\" target=\"_blank\" rel=\"noopener\">maison Kamerzell<\/a>, du <strong>Mont Sainte-Odile<\/strong> ou encore d\u2019un village proven\u00e7al\u2026<\/p>\n<p>Paroisse Saint-Aloyse<br \/>127 route du Polygone, 67100 Strasbourg.<br \/>La cr\u00e8che est visible jusqu\u2019au 2\u00a0f\u00e9vrier 2026. Du lundi au samedi, de 9h \u00e0 18h. Le dimanche, de 15h \u00e0 17h. Visite comment\u00e9e, le dimanche \u00e0 16h.<\/p>\n<p class=\" wall-content\">Personnalisez votre actualit\u00e9 en ajoutant vos villes et m\u00e9dias en favori avec <a href=\"https:\/\/moncompte.actu.fr\" title=\"D\u00e9couvez Mon Actu\" rel=\"nofollow noopener\" data-trk=\"{&quot;cta&quot;:{&quot;action&quot;:&quot;https:\\\/\\\/moncompte.actu.fr&quot;,&quot;category&quot;:&quot;mon compte&quot;,&quot;from&quot;:&quot;article footer&quot;,&quot;name&quot;:&quot;Mon actu&quot;,&quot;type&quot;:&quot;cta&quot;}}\" target=\"_blank\">Mon Actu<\/a>.<\/p>\n","protected":false},"excerpt":{"rendered":"Par Ivan CAPECCHI Publi\u00e9 le 15 janv. 2026 \u00e0 7h02 Avis aux amateurs de cr\u00e8che\u2009: celle de la&hellip;\n","protected":false},"author":2,"featured_media":664846,"comment_status":"","ping_status":"","sticky":false,"template":"","format":"standard","meta":{"footnotes":""},"categories":[2820],"tags":[1111,11,1777,674,1011,27,775,1652,12,25,640],"class_list":{"0":"post-664845","1":"post","2":"type-post","3":"status-publish","4":"format-standard","5":"has-post-thumbnail","7":"category-strasbourg","8":"tag-actu","9":"tag-actualites","10":"tag-eu","11":"tag-europe","12":"tag-fr","13":"tag-france","14":"tag-grand-est","15":"tag-loisirs-culture","16":"tag-news","17":"tag-republique-francaise","18":"tag-strasbourg"},"share_on_mastodon":{"url":"https:\/\/pubeurope.com\/@fr\/115898049100292661","error":""},"_links":{"self":[{"href":"https:\/\/www.europesays.com\/fr\/wp-json\/wp\/v2\/posts\/664845","targetHints":{"allow":["GET"]}}],"collection":[{"href":"https:\/\/www.europesays.com\/fr\/wp-json\/wp\/v2\/posts"}],"about":[{"href":"https:\/\/www.europesays.com\/fr\/wp-json\/wp\/v2\/types\/post"}],"author":[{"embeddable":true,"href":"https:\/\/www.europesays.com\/fr\/wp-json\/wp\/v2\/users\/2"}],"replies":[{"embeddable":true,"href":"https:\/\/www.europesays.com\/fr\/wp-json\/wp\/v2\/comments?post=664845"}],"version-history":[{"count":0,"href":"https:\/\/www.europesays.com\/fr\/wp-json\/wp\/v2\/posts\/664845\/revisions"}],"wp:featuredmedia":[{"embeddable":true,"href":"https:\/\/www.europesays.com\/fr\/wp-json\/wp\/v2\/media\/664846"}],"wp:attachment":[{"href":"https:\/\/www.europesays.com\/fr\/wp-json\/wp\/v2\/media?parent=664845"}],"wp:term":[{"taxonomy":"category","embeddable":true,"href":"https:\/\/www.europesays.com\/fr\/wp-json\/wp\/v2\/categories?post=664845"},{"taxonomy":"post_tag","embeddable":true,"href":"https:\/\/www.europesays.com\/fr\/wp-json\/wp\/v2\/tags?post=664845"}],"curies":[{"name":"wp","href":"https:\/\/api.w.org\/{rel}","templated":true}]}}