{"id":664847,"date":"2026-01-15T07:57:11","date_gmt":"2026-01-15T07:57:11","guid":{"rendered":"https:\/\/www.europesays.com\/fr\/664847\/"},"modified":"2026-01-15T07:57:11","modified_gmt":"2026-01-15T07:57:11","slug":"strasbourg-previsions-meteo-du-jeudi-15-janvier-2026","status":"publish","type":"post","link":"https:\/\/www.europesays.com\/fr\/664847\/","title":{"rendered":"Strasbourg : pr\u00e9visions m\u00e9t\u00e9o du jeudi 15 janvier 2026"},"content":{"rendered":"<p>\u00c0 Strasbourg, la journ\u00e9e du jeudi 15 janvier 2026 sera marqu\u00e9e par un ciel variable avec des \u00e9claircies en matin\u00e9e et une couverture nuageuse en soir\u00e9e. Les temp\u00e9ratures oscillent entre 4 \u00b0C la nuit et 13 \u00b0C en apr\u00e8s-midi, dans une atmosph\u00e8re fra\u00eeche et humide.<\/p>\n<p>Le ciel s\u2019annonce changeant \u00e0 Strasbourg ce jeudi 15 janvier 2026. Entre \u00e9claircies matinales et couverture nuageuse en soir\u00e9e, les temp\u00e9ratures restent douces pour la saison. Voici le point m\u00e9t\u00e9o pour bien organiser vos d\u00e9placements et sorties.<\/p>\n<p>Matin : \u00e9claircies avant le lever du soleil (08 h 15)<\/p>\n<p>Avec un lever du soleil pr\u00e9vu \u00e0 08 h 15, la journ\u00e9e d\u00e9bute sous un ciel variable, parsem\u00e9 de nuages filant rapidement. \u00c0 09 h, le thermom\u00e8tre affiche d\u00e9j\u00e0 <b>8 \u00b0C<\/b>, avec un ressenti de <b>5 \u00b0C<\/b>, tandis que l\u2019humidit\u00e9 atteint 87 %.<\/p>\n<p>Un vent de secteur Sud-Sud-Ouest souffle mod\u00e9r\u00e9ment \u00e0 <b>11 km\/h<\/b>. Le risque d\u2019averse est de 40 %, mais les quantit\u00e9s attendues sont n\u00e9gligeables. De belles p\u00e9riodes s\u00e8ches sont donc \u00e0 pr\u00e9voir pour les trajets domicile-travail.<\/p>\n<ul>\n<li><b>Temp\u00e9rature :<\/b> 8 \u00b0C<\/li>\n<li><b>Ressenti :<\/b> 5 \u00b0C<\/li>\n<li><b>Vent :<\/b> 11 km\/h SSO<\/li>\n<li><b>Humidit\u00e9 :<\/b> 87 %<\/li>\n<li><b>Pluie :<\/b> risque 40 %, faible cumul<\/li>\n<\/ul>\n<p>La qualit\u00e9 de l\u2019air n\u2019est pas \u00e9valu\u00e9e ce matin. En pr\u00e9vention, les personnes sensibles peuvent \u00e9viter les axes routiers denses aux heures de pointe, o\u00f9 les particules issues du chauffage et du trafic stagnent en l\u2019absence de brassage significatif.<\/p>\n<p>Apr\u00e8s-midi<\/p>\n<p>\u00c0 la mi-journ\u00e9e, les \u00e9claircies dominent. Le thermom\u00e8tre grimpe jusqu\u2019\u00e0 <b>13 \u00b0C<\/b>, ressenti <b>10 \u00b0C<\/b>. Le vent, orient\u00e9 plein sud, faiblit l\u00e9g\u00e8rement \u00e0 10 km\/h, offrant une atmosph\u00e8re agr\u00e9able pour une pause-d\u00e9jeuner en terrasse.<\/p>\n<p>L\u2019absence de pr\u00e9cipitations cet apr\u00e8s-midi facilite toutes les activit\u00e9s ext\u00e9rieures : footing le long des quais, courses au march\u00e9 ou visite des institutions europ\u00e9ennes. Toutefois, la pression recule doucement vers 1\u00a0014 hPa, signalant un temps toujours changeant.<\/p>\n<ul>\n<li><b>Temp\u00e9rature max :<\/b> 13 \u00b0C<\/li>\n<li><b>Vent :<\/b> 10 km\/h Sud<\/li>\n<li><b>Pluie :<\/b> 0 %<\/li>\n<li><b>Humidit\u00e9 :<\/b> 60 %<\/li>\n<\/ul>\n<p>Apr\u00e8s le d\u00e9jeuner, pourquoi ne pas envisager une balade patrimoniale ? Pour organiser votre parcours, consultez <a href=\"https:\/\/www.meteocity.com\/france\/strasbourg-v2973783\/tourisme\" target=\"_blank\" rel=\"noopener\">notre page tourisme<\/a> qui r\u00e9f\u00e9rence les incontournables adapt\u00e9s aux conditions du jour.<\/p>\n<p>Soir : ciel tr\u00e8s nuageux et coucher du soleil (17 h 00)<\/p>\n<p>D\u00e8s 17 h, le soleil se couche et le ciel se charge progressivement. \u00c0 21 h, le temps devient tr\u00e8s nuageux, avec une temp\u00e9rature retombant \u00e0 <b>8 \u00b0C<\/b>, ressentie <b>6 \u00b0C<\/b>, dans une atmosph\u00e8re toujours humide.<\/p>\n<p>Le vent devient quasi nul, autour de 4 km\/h, limitant la sensation de fra\u00eecheur. Quelques gouttes, probables mais insignifiantes, n\u2019emp\u00eacheront pas de profiter des illuminations hivernales, \u00e0 condition de pr\u00e9voir un manteau coupe-vent l\u00e9ger.<\/p>\n<ul>\n<li><b>Temp\u00e9rature :<\/b> 8 \u00b0C<\/li>\n<li><b>Vent :<\/b> 4 km\/h SSO<\/li>\n<li><b>Humidit\u00e9 :<\/b> 83 %<\/li>\n<\/ul>\n<p>Avec des temp\u00e9ratures repassant sous les 8 \u00b0C, les sols humides pourront devenir glissants pr\u00e8s des ponts et berges de l\u2019Ill. Il est donc conseill\u00e9 d\u2019anticiper son trajet retour en privil\u00e9giant les transports en commun ou une conduite mod\u00e9r\u00e9e.<\/p>\n<p>Tendance g\u00e9n\u00e9rale pour vendredi 16 janvier<\/p>\n<p>La nuit prochaine s\u2019annonce tr\u00e8s nuageuse, avec une temp\u00e9rature minimale pr\u00e9vue de <b>4 \u00b0C<\/b> et un ressenti de <b>2 \u00b0C<\/b>. L\u2019humidit\u00e9 grimpera \u00e0 94 %, traduisant une ambiance froide et satur\u00e9e en vapeur d\u2019eau.<\/p>\n<p>Pour vendredi 16 janvier, les mod\u00e8les pr\u00e9voient un temps encore instable, domin\u00e9 par une pluie faible et des temp\u00e9ratures comprises entre <b>4 \u00b0C<\/b> et <b>10 \u00b0C<\/b>. Le vent soufflera \u00e0 10 km\/h Sud-Sud-Ouest, avec une probabilit\u00e9 d\u2019averse limit\u00e9e \u00e0 7 %.<\/p>\n<p>Cette s\u00e9quence d\u2019humidit\u00e9 r\u00e9currente, dans un contexte hivernal plus doux, illustre les projections du Giec concernant la multiplication des \u00e9pisodes pluvieux l\u00e9gers en hiver en Europe centrale. Les agriculteurs profitent n\u00e9anmoins d\u2019une recharge modeste des sols.<\/p>\n<p>Il est donc conseill\u00e9 de garder un parapluie \u00e0 port\u00e9e de main et de surveiller l\u2019\u00e9volution en consultant r\u00e9guli\u00e8rement nos pr\u00e9visions. Pour plus de d\u00e9tails, consultez <a href=\"https:\/\/www.meteocity.com\/france\/strasbourg-v2973783\" target=\"_blank\" rel=\"noopener\">notre page d\u00e9di\u00e9e \u00e0 Strasbourg<\/a>.<\/p>\n","protected":false},"excerpt":{"rendered":"\u00c0 Strasbourg, la journ\u00e9e du jeudi 15 janvier 2026 sera marqu\u00e9e par un ciel variable avec des \u00e9claircies&hellip;\n","protected":false},"author":2,"featured_media":664848,"comment_status":"","ping_status":"","sticky":false,"template":"","format":"standard","meta":{"footnotes":""},"categories":[2820],"tags":[1111,11,1777,674,1011,27,775,12,25,640],"class_list":{"0":"post-664847","1":"post","2":"type-post","3":"status-publish","4":"format-standard","5":"has-post-thumbnail","7":"category-strasbourg","8":"tag-actu","9":"tag-actualites","10":"tag-eu","11":"tag-europe","12":"tag-fr","13":"tag-france","14":"tag-grand-est","15":"tag-news","16":"tag-republique-francaise","17":"tag-strasbourg"},"share_on_mastodon":{"url":"https:\/\/pubeurope.com\/@fr\/115898053069959167","error":""},"_links":{"self":[{"href":"https:\/\/www.europesays.com\/fr\/wp-json\/wp\/v2\/posts\/664847","targetHints":{"allow":["GET"]}}],"collection":[{"href":"https:\/\/www.europesays.com\/fr\/wp-json\/wp\/v2\/posts"}],"about":[{"href":"https:\/\/www.europesays.com\/fr\/wp-json\/wp\/v2\/types\/post"}],"author":[{"embeddable":true,"href":"https:\/\/www.europesays.com\/fr\/wp-json\/wp\/v2\/users\/2"}],"replies":[{"embeddable":true,"href":"https:\/\/www.europesays.com\/fr\/wp-json\/wp\/v2\/comments?post=664847"}],"version-history":[{"count":0,"href":"https:\/\/www.europesays.com\/fr\/wp-json\/wp\/v2\/posts\/664847\/revisions"}],"wp:featuredmedia":[{"embeddable":true,"href":"https:\/\/www.europesays.com\/fr\/wp-json\/wp\/v2\/media\/664848"}],"wp:attachment":[{"href":"https:\/\/www.europesays.com\/fr\/wp-json\/wp\/v2\/media?parent=664847"}],"wp:term":[{"taxonomy":"category","embeddable":true,"href":"https:\/\/www.europesays.com\/fr\/wp-json\/wp\/v2\/categories?post=664847"},{"taxonomy":"post_tag","embeddable":true,"href":"https:\/\/www.europesays.com\/fr\/wp-json\/wp\/v2\/tags?post=664847"}],"curies":[{"name":"wp","href":"https:\/\/api.w.org\/{rel}","templated":true}]}}