{"id":664859,"date":"2026-01-15T08:03:14","date_gmt":"2026-01-15T08:03:14","guid":{"rendered":"https:\/\/www.europesays.com\/fr\/664859\/"},"modified":"2026-01-15T08:03:14","modified_gmt":"2026-01-15T08:03:14","slug":"moins-celebre-que-bordeaux-plus-apaisante-que-toulouse-la-ville-du-sud-ouest-ou-il-fait-bon-vivre-toute-lannee","status":"publish","type":"post","link":"https:\/\/www.europesays.com\/fr\/664859\/","title":{"rendered":"Moins c\u00e9l\u00e8bre que Bordeaux, plus apaisante que Toulouse : la ville du Sud-Ouest o\u00f9 il fait bon vivre toute l\u2019ann\u00e9e"},"content":{"rendered":"<p><strong>Nich\u00e9e au c\u0153ur du Lot-et-Garonne, Agen s\u2019impose comme une destination m\u00e9connue du grand public. Entre l\u2019effervescence urbaine de Toulouse et le prestige viticole de Bordeaux, cette pr\u00e9fecture discr\u00e8te cultive un art de vivre authentique. Je t\u2019invite \u00e0 d\u00e9couvrir pourquoi cette cit\u00e9 du Sud-Ouest m\u00e9rite toute ton attention pour envisager un cadre de vie serein et \u00e9quilibr\u00e9.<\/strong><\/p>\n<p>Une douceur de vivre qui s\u2019\u00e9panouit au fil des saisons<\/p>\n<p>Je te le dis sans d\u00e9tour : Agen poss\u00e8de un atout majeur que beaucoup lui envient. Le climat y affiche une g\u00e9n\u00e9rosit\u00e9 remarquable avec plus de 2000 heures d\u2019ensoleillement annuel. Les hivers y restent cl\u00e9ments, rarement rigoureux, tandis que les \u00e9t\u00e9s ensoleill\u00e9s ne versent jamais dans la canicule \u00e9touffante qui caract\u00e9rise d\u2019autres m\u00e9tropoles r\u00e9gionales. Cette mod\u00e9ration thermique cr\u00e9e une atmosph\u00e8re agr\u00e9able qui facilite le quotidien des habitants.<\/p>\n<p>La Garonne traverse la ville en son centre et apporte cette fra\u00eecheur bienvenue lors des chaudes journ\u00e9es estivales. Les berges am\u00e9nag\u00e9es deviennent alors des lieux de promenade pris\u00e9s o\u00f9 familles et sportifs se croisent dans une ambiance d\u00e9contract\u00e9e. Tu peux y pratiquer la marche, le v\u00e9lo ou simplement t\u2019installer sur un banc pour contempler le cours tranquille du fleuve. Cette pr\u00e9sence aquatique conf\u00e8re \u00e0 Agen une dimension apaisante qui manque cruellement aux grandes agglom\u00e9rations voisines.<\/p>\n<p>Le rythme de vie adopt\u00e9 par les Agenais refl\u00e8te cette philosophie du bien-\u00eatre. Contrairement aux m\u00e9tropoles o\u00f9 le stress urbain dicte sa loi, ici les habitants prennent le temps de vivre. Les march\u00e9s regorgent de produits du terroir, notamment le fameux pruneau d\u2019Agen qui fait la fiert\u00e9 locale. Cette connexion avec le territoire agricole environnant nourrit une qualit\u00e9 alimentaire exceptionnelle accessible \u00e0 tous les budgets.<\/p>\n<p>Une accessibilit\u00e9 optimale sans les inconv\u00e9nients des grandes villes<\/p>\n<p>Je dois reconna\u00eetre qu\u2019Agen joue admirablement la carte de la proximit\u00e9 strat\u00e9gique. Situ\u00e9e \u00e0 moins d\u2019une heure de route de Toulouse et \u00e0 peine plus de Bordeaux, la ville permet de b\u00e9n\u00e9ficier des avantages culturels et \u00e9conomiques de ces m\u00e9tropoles sans en subir les d\u00e9sagr\u00e9ments. Tu peux ainsi rejoindre rapidement un a\u00e9roport international, assister \u00e0 un concert majeur ou r\u00e9aliser des d\u00e9marches administratives sp\u00e9cifiques tout en rentrant dormir dans le calme.<\/p>\n<p>L\u2019autoroute A62 constitue un axe structurant qui facilite grandement les d\u00e9placements. Pour les amateurs de train, la gare d\u2019Agen propose des liaisons TGV quotidiennes vers Paris en moins de quatre heures. Cette desserte ferroviaire performante s\u2019av\u00e8re particuli\u00e8rement appr\u00e9ciable pour les professionnels devant effectuer des d\u00e9placements ponctuels vers la capitale. Tu conserves ainsi une mobilit\u00e9 professionnelle sans renoncer \u00e0 ta qualit\u00e9 de vie.<\/p>\n<p>La ville pr\u00e9sente \u00e9galement une dimension humaine qui change tout. Avec environ 35000 habitants intra-muros, Agen \u00e9vite l\u2019anonymat des grandes agglom\u00e9rations tout en offrant l\u2019ensemble des services attendus. Les commerces de proximit\u00e9 restent nombreux, les \u00e9tablissements scolaires accessibles \u00e0 pied et les embouteillages demeurent une notion quasi abstraite. Cette \u00e9chelle urbaine ma\u00eetris\u00e9e favorise le lien social et contribue directement au sentiment de s\u00e9curit\u00e9 ressenti par les r\u00e9sidents.<\/p>\n<p>Un patrimoine architectural qui raconte l\u2019histoire<\/p>\n<p>Je te conseille vivement de fl\u00e2ner dans le centre historique pour appr\u00e9cier la richesse architecturale d\u2019Agen. La cath\u00e9drale Saint-Caprais, inscrite au patrimoine mondial de l\u2019UNESCO au titre des chemins de Saint-Jacques-de-Compostelle, t\u00e9moigne d\u2019un pass\u00e9 prestigieux. Les ruelles pav\u00e9es du vieux quartier d\u00e9voilent des fa\u00e7ades \u00e0 colombages et des h\u00f4tels particuliers qui rappellent la prosp\u00e9rit\u00e9 commerciale d\u2019antan.<\/p>\n<p>Le mus\u00e9e des Beaux-Arts figure parmi les collections les plus remarquables de la r\u00e9gion. Install\u00e9 dans quatre h\u00f4tels Renaissance magnifiquement restaur\u00e9s, il expose des \u0153uvres allant de l\u2019Antiquit\u00e9 \u00e0 l\u2019art contemporain. Cette offre culturelle substantielle confirme qu\u2019Agen ne se contente pas d\u2019\u00eatre une ville de passage mais cultive une v\u00e9ritable ambition artistique. Les expositions temporaires r\u00e9guli\u00e8res renouvellent l\u2019int\u00e9r\u00eat et attirent des visiteurs bien au-del\u00e0 du d\u00e9partement.<\/p>\n<p>La proximit\u00e9 avec des sites exceptionnels enrichit encore les possibilit\u00e9s d\u2019escapades. Tu peux rejoindre rapidement les vignobles de Buzet, les bastides m\u00e9di\u00e9vales du Lot-et-Garonne ou pousser jusqu\u2019au Gers voisin pour d\u00e9couvrir son patrimoine gastronomique. Cette situation g\u00e9ographique privil\u00e9gi\u00e9e transforme chaque week-end en opportunit\u00e9 d\u2019exploration sans n\u00e9cessiter de longs trajets fatigants. M\u00eame le Tarn-et-Garonne se trouve \u00e0 port\u00e9e de main pour varier les plaisirs.<\/p>\n<p>Un \u00e9quilibre \u00e9conomique qui s\u00e9duit les nouveaux arrivants<\/p>\n<p>Je constate que le march\u00e9 immobilier agenais affiche des tarifs particuli\u00e8rement attractifs. Pour un budget \u00e9quivalent \u00e0 un studio exigu dans les quartiers p\u00e9riph\u00e9riques de Toulouse, tu peux acqu\u00e9rir une maison avec jardin \u00e0 Agen. Cette diff\u00e9rence de prix consid\u00e9rable explique pourquoi de nombreux t\u00e9l\u00e9travailleurs et jeunes familles font le choix de cette installation. Le pouvoir d\u2019achat immobilier permet d\u2019acc\u00e9der \u00e0 la propri\u00e9t\u00e9 dans des conditions impossibles ailleurs.<\/p>\n<p>\ud83d\udc47 Vous voulez en savoir plus? D\u00e9couvrez cette vid\u00e9o \ud83d\udc47<\/p>\n<p>Le tissu \u00e9conomique local pr\u00e9sente une diversification int\u00e9ressante. L\u2019agroalimentaire y tient naturellement une place importante avec plusieurs entreprises de transformation reconnues. Le secteur tertiaire se d\u00e9veloppe progressivement et attire des entreprises recherchant des co\u00fbts d\u2019exploitation mod\u00e9r\u00e9s. Les zones d\u2019activit\u00e9s p\u00e9riph\u00e9riques accueillent r\u00e9guli\u00e8rement de nouvelles structures cr\u00e9atrices d\u2019emplois. Cette dynamique \u00e9conomique mesur\u00e9e mais constante rassure quant aux perspectives professionnelles locales.<\/p>\n<p>La qualit\u00e9 des infrastructures \u00e9ducatives m\u00e9rite \u00e9galement d\u2019\u00eatre soulign\u00e9e. Du primaire au lyc\u00e9e, les \u00e9tablissements proposent un encadrement de proximit\u00e9 appr\u00e9ci\u00e9 des parents. L\u2019antenne universitaire permet de suivre certaines formations sup\u00e9rieures sur place, tandis que Toulouse reste accessible pour les cursus plus sp\u00e9cialis\u00e9s. Cette combinaison offre une souplesse pr\u00e9cieuse pour les familles qui souhaitent s\u2019installer durablement dans une ville \u00e0 taille humaine sans compromettre l\u2019avenir de leurs enfants.<\/p>\n<p><img loading=\"lazy\" decoding=\"async\" width=\"150\" height=\"150\" src=\"data:image\/svg+xml,%3Csvg%20xmlns=\" http:=\"\" class=\"attachment-150x150 size-150x150\" alt=\"\" itemprop=\"image\" data-lazy- data-lazy- data-lazy-src=\"https:\/\/www.europesays.com\/fr\/wp-content\/uploads\/2025\/04\/im6-150x150.png\"\/><\/p>\n<p>Salut \u00e0 tous, je suis Eglantine. D\u00e9couvrez mes articles sur le voyage \u00e0 travers mes conseils, astuces et lieux pr\u00e9f\u00e9r\u00e9s en exclusivit\u00e9 sur News Of Marseille.<br \/>R\u00e9dactrice de coeur, je vous guide \u00e0 travers mes \u00e9crits pour vous transmettre mon expertise sur l&rsquo;aventure du voyage. Et \u00e9videmment, allez l&rsquo;OM \ud83d\ude09<\/p>\n<p>Partagez l&rsquo;article ou suivez nous !<\/p>\n<p>\n\tNos images sont \u00e0 but illustratif et peuvent ne pas repr\u00e9senter la r\u00e9alit\u00e9<\/p>\n","protected":false},"excerpt":{"rendered":"Nich\u00e9e au c\u0153ur du Lot-et-Garonne, Agen s\u2019impose comme une destination m\u00e9connue du grand public. Entre l\u2019effervescence urbaine de&hellip;\n","protected":false},"author":2,"featured_media":664860,"comment_status":"","ping_status":"","sticky":false,"template":"","format":"standard","meta":{"footnotes":""},"categories":[2817],"tags":[1111,11,76572,1997,76573,76574,1777,674,1011,27,12,2219,25],"class_list":{"0":"post-664859","1":"post","2":"type-post","3":"status-publish","4":"format-standard","5":"has-post-thumbnail","7":"category-bordeaux","8":"tag-actu","9":"tag-actualites","10":"tag-art-de-vivre-authentique","11":"tag-bordeaux","12":"tag-climat-agreable","13":"tag-destination-meconnue","14":"tag-eu","15":"tag-europe","16":"tag-fr","17":"tag-france","18":"tag-news","19":"tag-nouvelle-aquitaine","20":"tag-republique-francaise"},"share_on_mastodon":{"url":"https:\/\/pubeurope.com\/@fr\/115898076697505009","error":""},"_links":{"self":[{"href":"https:\/\/www.europesays.com\/fr\/wp-json\/wp\/v2\/posts\/664859","targetHints":{"allow":["GET"]}}],"collection":[{"href":"https:\/\/www.europesays.com\/fr\/wp-json\/wp\/v2\/posts"}],"about":[{"href":"https:\/\/www.europesays.com\/fr\/wp-json\/wp\/v2\/types\/post"}],"author":[{"embeddable":true,"href":"https:\/\/www.europesays.com\/fr\/wp-json\/wp\/v2\/users\/2"}],"replies":[{"embeddable":true,"href":"https:\/\/www.europesays.com\/fr\/wp-json\/wp\/v2\/comments?post=664859"}],"version-history":[{"count":0,"href":"https:\/\/www.europesays.com\/fr\/wp-json\/wp\/v2\/posts\/664859\/revisions"}],"wp:featuredmedia":[{"embeddable":true,"href":"https:\/\/www.europesays.com\/fr\/wp-json\/wp\/v2\/media\/664860"}],"wp:attachment":[{"href":"https:\/\/www.europesays.com\/fr\/wp-json\/wp\/v2\/media?parent=664859"}],"wp:term":[{"taxonomy":"category","embeddable":true,"href":"https:\/\/www.europesays.com\/fr\/wp-json\/wp\/v2\/categories?post=664859"},{"taxonomy":"post_tag","embeddable":true,"href":"https:\/\/www.europesays.com\/fr\/wp-json\/wp\/v2\/tags?post=664859"}],"curies":[{"name":"wp","href":"https:\/\/api.w.org\/{rel}","templated":true}]}}