{"id":664865,"date":"2026-01-15T08:06:13","date_gmt":"2026-01-15T08:06:13","guid":{"rendered":"https:\/\/www.europesays.com\/fr\/664865\/"},"modified":"2026-01-15T08:06:13","modified_gmt":"2026-01-15T08:06:13","slug":"loperation-hauts-de-france-propres-va-t-elle-battre-son-record-en-2026","status":"publish","type":"post","link":"https:\/\/www.europesays.com\/fr\/664865\/","title":{"rendered":"L&rsquo;op\u00e9ration Hauts-de-France Propres va-t-elle battre son record en 2026\u00a0?"},"content":{"rendered":"\n<p lang=\"fr-FR\" style=\"margin-bottom: 0cm;\">C&rsquo;est la question pos\u00e9e alors que l&rsquo;ann\u00e9e derni\u00e8re plus de 104.300 b\u00e9n\u00e9voles \u00e9taient mobilis\u00e9s sur le terrain. L&rsquo;objectif est de parcourir la nature pour ramasser les d\u00e9chets abandonn\u00e9s. Cette ann\u00e9e, l&rsquo;op\u00e9ration est programm\u00e9e les 6, 7 et 8 mars. Les diff\u00e9rentes associations et structures peuvent organiser un ramassage, dans un secteur particulier. Il faut pour cela se rendre sur le site <a href=\"https:\/\/www.hautsdefrance-propres.fr\/inscription-ramassage-2026\" rel=\"noopener\" target=\"_blank\">www.hautsdefrance-propres.fr<\/a>. La R\u00e9gion esp\u00e8re sensibiliser les habitants \u00e0 la \u00ab\u00a0quantit\u00e9 de d\u00e9chets que nous produisons chaque jour\u00a0\u00bb.<\/p>\n<p lang=\"fr-FR\" style=\"margin-bottom: 0cm;\">\u00a0<\/p>\n<p lang=\"fr-FR\" style=\"margin-bottom: 0cm;\">Nicolas Chacun<\/p>\n<p>!function(f,b,e,v,n,t,s){if(f.fbq)return;n=f.fbq=function(){n.callMethod?<br \/>\nn.callMethod.apply(n,arguments):n.queue.push(arguments)};if(!f._fbq)f._fbq=n;<br \/>\nn.push=n;n.loaded=!0;n.version=&rsquo;2.0&prime;;n.queue=[];t=b.createElement(e);t.async=!0;<br \/>\nt.src=v;s=b.getElementsByTagName(e)[0];s.parentNode.insertBefore(t,s)}(window,<br \/>\ndocument,&rsquo;script&rsquo;,&rsquo;https:\/\/connect.facebook.net\/en_US\/fbevents.js&rsquo;);<br \/>\nfbq(&lsquo;init&rsquo;, &lsquo;278974969201861&rsquo;); \/\/ Insert your pixel ID here.<br \/>\nfbq(&lsquo;track&rsquo;, &lsquo;PageView&rsquo;);<\/p>\n","protected":false},"excerpt":{"rendered":"C&rsquo;est la question pos\u00e9e alors que l&rsquo;ann\u00e9e derni\u00e8re plus de 104.300 b\u00e9n\u00e9voles \u00e9taient mobilis\u00e9s sur le terrain. L&rsquo;objectif&hellip;\n","protected":false},"author":2,"featured_media":664866,"comment_status":"","ping_status":"","sticky":false,"template":"","format":"standard","meta":{"footnotes":""},"categories":[2815],"tags":[1111,11,1933,1936,1777,1939,674,1011,27,811,1934,1307,12,1940,1935,25,1937,1941,1938],"class_list":{"0":"post-664865","1":"post","2":"type-post","3":"status-publish","4":"format-standard","5":"has-post-thumbnail","7":"category-lille","8":"tag-actu","9":"tag-actualites","10":"tag-actualites-locales","11":"tag-essonne","12":"tag-eu","13":"tag-eure-et-loir","14":"tag-europe","15":"tag-fr","16":"tag-france","17":"tag-hauts-de-france","18":"tag-infos-locales","19":"tag-lille","20":"tag-news","21":"tag-oise","22":"tag-pres-de-chez-vous","23":"tag-republique-francaise","24":"tag-seine-et-marne","25":"tag-somme","26":"tag-yvelines"},"share_on_mastodon":{"url":"https:\/\/pubeurope.com\/@fr\/115898088574222637","error":""},"_links":{"self":[{"href":"https:\/\/www.europesays.com\/fr\/wp-json\/wp\/v2\/posts\/664865","targetHints":{"allow":["GET"]}}],"collection":[{"href":"https:\/\/www.europesays.com\/fr\/wp-json\/wp\/v2\/posts"}],"about":[{"href":"https:\/\/www.europesays.com\/fr\/wp-json\/wp\/v2\/types\/post"}],"author":[{"embeddable":true,"href":"https:\/\/www.europesays.com\/fr\/wp-json\/wp\/v2\/users\/2"}],"replies":[{"embeddable":true,"href":"https:\/\/www.europesays.com\/fr\/wp-json\/wp\/v2\/comments?post=664865"}],"version-history":[{"count":0,"href":"https:\/\/www.europesays.com\/fr\/wp-json\/wp\/v2\/posts\/664865\/revisions"}],"wp:featuredmedia":[{"embeddable":true,"href":"https:\/\/www.europesays.com\/fr\/wp-json\/wp\/v2\/media\/664866"}],"wp:attachment":[{"href":"https:\/\/www.europesays.com\/fr\/wp-json\/wp\/v2\/media?parent=664865"}],"wp:term":[{"taxonomy":"category","embeddable":true,"href":"https:\/\/www.europesays.com\/fr\/wp-json\/wp\/v2\/categories?post=664865"},{"taxonomy":"post_tag","embeddable":true,"href":"https:\/\/www.europesays.com\/fr\/wp-json\/wp\/v2\/tags?post=664865"}],"curies":[{"name":"wp","href":"https:\/\/api.w.org\/{rel}","templated":true}]}}