{"id":664867,"date":"2026-01-15T08:07:10","date_gmt":"2026-01-15T08:07:10","guid":{"rendered":"https:\/\/www.europesays.com\/fr\/664867\/"},"modified":"2026-01-15T08:07:10","modified_gmt":"2026-01-15T08:07:10","slug":"ces-grands-chantiers-qui-vont-enfin-sachever-en-2026-a-lille-et-dans-la-metropole","status":"publish","type":"post","link":"https:\/\/www.europesays.com\/fr\/664867\/","title":{"rendered":"Ces grands chantiers qui vont enfin s\u2019achever en 2026 \u00e0 Lille et dans la m\u00e9tropole"},"content":{"rendered":"<p>Lille se transforme doucement, mais s\u00fbrement. Longtemps critiqu\u00e9e pour ses chantiers interminables, la m\u00e9tropole europ\u00e9enne de Lille (MEL) entre cette ann\u00e9e dans une phase de <b>livraisons concr\u00e8tes<\/b>. Et apr\u00e8s des mois de travaux, c\u2019est un vrai changement de d\u00e9cor qui s\u2019annonce sur plusieurs fronts.<\/p>\n<p>&#13;<br \/>\n<b>La place du Mar\u00e9chal Leclerc rena\u00eet au printemps<\/b>&#13;<\/p>\n<p>L\u2019un des chantiers les plus visibles de l\u2019ann\u00e9e touche \u00e0 sa fin\u00a0: le <b>r\u00e9am\u00e9nagement de la place du Mar\u00e9chal Leclerc<\/b>, dans le quartier Vauban-Esquermes. Apr\u00e8s plus d\u2019une saison de travaux, l\u2019espace laisse place \u00e0 un <b>nouveau parc public v\u00e9g\u00e9talis\u00e9<\/b>, pens\u00e9 pour lutter contre les \u00eelots de chaleur, favoriser les mobilit\u00e9s actives et offrir un vrai lieu de d\u00e9tente au c\u0153ur de la ville.\u00a0<\/p>\n<p>&#13;<br \/>\n<b>Piscine Camille Muffat\u00a0: enfin pr\u00eate \u00e0 nager en grand<\/b>&#13;<\/p>\n<p>C\u2019est une envie de la m\u00e9tropole depuis longtemps\u00a0: une piscine digne de ce nom. Le chantier de la <b><a href=\"https:\/\/www.lebonbon.fr\/lille\/news\/piscine-olympique-heritage-jo-lille-2026\/\" target=\"_blank\" rel=\"noopener\">piscine <\/a>Camille Muffat<\/b>, boulevard de Strasbourg, va s\u2019achever ce printemps \u00e9galement. L\u2019infrastructure comprendra un <b>bassin olympique 50 m \u00d7 25 m<\/b> avec plusieurs lignes d\u2019eau, des gradins, des vestiaires confortables et une capacit\u00e9 d\u2019accueil large pour tous les niveaux de nage.\u00a0<\/p>\n<p>&#13;<br \/>\n<b>Place Madeleine Caulier\u00a0: du bitume au vert<\/b>&#13;<\/p>\n<p>Dans le quartier de Fives, l\u2019ancienne <b>place Madeleine Caulier change de peau<\/b>. Apr\u00e8s un an de travaux, la zone redeviendra un espace convivial avec <b>pelouses, jeux pour enfants et zones de repos<\/b>. Une vraie respiration pour le quartier, o\u00f9 l\u2019asphalte laisse la place \u00e0 la nature.\u00a0<\/p>\n<p>&#13;<br \/>\n<b>Rues repens\u00e9es et quartiers apais\u00e9s<\/b>&#13;<\/p>\n<p>Certaines rues qui ont longtemps \u00e9t\u00e9 des axes de circulation en chantier vont <b>laisser place \u00e0 des espaces plus agr\u00e9ables pour tous<\/b>\u00a0: la <a href=\"https:\/\/www.lebonbon.fr\/lille\/news\/sebastopol-metamorphose-verdure-pietons-fini-voitures\/\" target=\"_blank\" rel=\"noopener\"><b>rue d\u2019Inkermann<\/b> <\/a>(centre)\u00a0: les travaux d\u2019am\u00e9nagement qui ont rythm\u00e9 2025 vont toucher \u00e0 leur fin en janvier, marquant une \u00e9tape importante dans la m\u00e9tamorphose du secteur, la <b>rue de Wazemmes <\/b>: cette art\u00e8re va devenir plus verte et plus s\u00fbre, avec piste cyclable bi-directionnelle, zones v\u00e9g\u00e9talis\u00e9es et circulation apais\u00e9e, pour un centre plus agr\u00e9able \u00e0 vivre, et enfin le <b>square Ghesqui\u00e8re<\/b> (Wazemmes)\u00a0: pr\u00e9vu pour juin, ce grand espace de d\u00e9tente et de jeux va offrir aux habitants un <b>square revitalis\u00e9 et accessible<\/b>, tout pr\u00e8s du m\u00e9tro.\u00a0<\/p>\n<p>&#13;<br \/>\n<b>Place Philippe Lebon et Jeanne d\u2019Arc\u00a0: la nature reprend ses droits<\/b>&#13;<\/p>\n<p>Dans le centre, <b>les places Lebon et Jeanne d\u2019Arc<\/b> ach\u00e8vent leur transformation paysag\u00e8re. Objectif\u00a0? <b>plus de verdure et des modes de d\u00e9placements doux<\/b>, pour rendre ces axes urbains plus calmes et plus agr\u00e9ables.\u00a0<\/p>\n<p>&#13;<br \/>\n<b>Grand\u2019Place pi\u00e9tonne\u00a0: un symbole de la ville qui change<\/b>&#13;<\/p>\n<p>Un chantier symbolique qui a pris aussi effet d\u00e8s le 12 janvier 2026\u00a0: la <a href=\"https:\/\/www.lebonbon.fr\/lille\/news\/grand-place-lille-ce-qui-va-vraiment-changer-pietonnisation-des-12-janvier\/\" target=\"_blank\" rel=\"noopener\"><b>pi\u00e9tonnisation \u00e9largie de la Grand\u2019Place<\/b><\/a>. R\u00e9sultat d\u2019une concertation largement soutenue par les habitants, cette transformation historique du centre-ville marque une vraie rupture avec l\u2019\u00e9poque o\u00f9 la circulation automobile dominait.\u00a0<\/p>\n<p>&#13;<br \/>\n<b>Mobilit\u00e9\u00a0: m\u00e9tro et tramway entrent dans une nouvelle \u00e8re<\/b>&#13;<\/p>\n<p>C\u00f4t\u00e9 <b>mobilit\u00e9<\/b>, 2026 signera l\u2019arriv\u00e9e des <b><a href=\"https:\/\/www.lebonbon.fr\/lille\/news\/metro-tout-ce-qui-change-2026-transports-a-lille\/\" target=\"_blank\" rel=\"noopener\">nouvelles rames de m\u00e9tro<\/a> de 52 m\u00e8tres<\/b>, augmentant la capacit\u00e9 de la ligne 1 et am\u00e9liorant la r\u00e9gularit\u00e9. Ce chantier de modernisation, qui a occup\u00e9 une grande partie de l\u2019ann\u00e9e pr\u00e9c\u00e9dente, touche \u00e0 sa phase finale et devrait \u00eatre concr\u00e8tement visible sur le r\u00e9seau cette ann\u00e9e.\u00a0<\/p>\n<p>&#13;<\/p>\n<p>En somme, apr\u00e8s des ann\u00e9es de travaux ponctu\u00e9s d\u2019interruptions, 2026 ressemble \u00e0 <b>l\u2019ann\u00e9e de l\u2019ach\u00e8vement<\/b>. Lille ne change pas d\u2019un coup de baguette magique, mais les coffrages et les barri\u00e8res vont progressivement dispara\u00eetre pour laisser place \u00e0 une ville <b>plus verte, plus accessible, plus apais\u00e9e et plus agr\u00e9able \u00e0 vivre<\/b>.<\/p>\n","protected":false},"excerpt":{"rendered":"Lille se transforme doucement, mais s\u00fbrement. Longtemps critiqu\u00e9e pour ses chantiers interminables, la m\u00e9tropole europ\u00e9enne de Lille (MEL)&hellip;\n","protected":false},"author":2,"featured_media":664868,"comment_status":"","ping_status":"","sticky":false,"template":"","format":"standard","meta":{"footnotes":""},"categories":[2815],"tags":[1111,11,1777,674,1011,27,811,1307,12,25],"class_list":{"0":"post-664867","1":"post","2":"type-post","3":"status-publish","4":"format-standard","5":"has-post-thumbnail","7":"category-lille","8":"tag-actu","9":"tag-actualites","10":"tag-eu","11":"tag-europe","12":"tag-fr","13":"tag-france","14":"tag-hauts-de-france","15":"tag-lille","16":"tag-news","17":"tag-republique-francaise"},"share_on_mastodon":{"url":"https:\/\/pubeurope.com\/@fr\/115898092438532408","error":""},"_links":{"self":[{"href":"https:\/\/www.europesays.com\/fr\/wp-json\/wp\/v2\/posts\/664867","targetHints":{"allow":["GET"]}}],"collection":[{"href":"https:\/\/www.europesays.com\/fr\/wp-json\/wp\/v2\/posts"}],"about":[{"href":"https:\/\/www.europesays.com\/fr\/wp-json\/wp\/v2\/types\/post"}],"author":[{"embeddable":true,"href":"https:\/\/www.europesays.com\/fr\/wp-json\/wp\/v2\/users\/2"}],"replies":[{"embeddable":true,"href":"https:\/\/www.europesays.com\/fr\/wp-json\/wp\/v2\/comments?post=664867"}],"version-history":[{"count":0,"href":"https:\/\/www.europesays.com\/fr\/wp-json\/wp\/v2\/posts\/664867\/revisions"}],"wp:featuredmedia":[{"embeddable":true,"href":"https:\/\/www.europesays.com\/fr\/wp-json\/wp\/v2\/media\/664868"}],"wp:attachment":[{"href":"https:\/\/www.europesays.com\/fr\/wp-json\/wp\/v2\/media?parent=664867"}],"wp:term":[{"taxonomy":"category","embeddable":true,"href":"https:\/\/www.europesays.com\/fr\/wp-json\/wp\/v2\/categories?post=664867"},{"taxonomy":"post_tag","embeddable":true,"href":"https:\/\/www.europesays.com\/fr\/wp-json\/wp\/v2\/tags?post=664867"}],"curies":[{"name":"wp","href":"https:\/\/api.w.org\/{rel}","templated":true}]}}