{"id":664873,"date":"2026-01-15T08:10:11","date_gmt":"2026-01-15T08:10:11","guid":{"rendered":"https:\/\/www.europesays.com\/fr\/664873\/"},"modified":"2026-01-15T08:10:11","modified_gmt":"2026-01-15T08:10:11","slug":"en-direct-rhone-info-trafic-les-agriculteurs-se-mobilisent-a-nouveau-perturbations-attendues-aux-entrees-de-lyon","status":"publish","type":"post","link":"https:\/\/www.europesays.com\/fr\/664873\/","title":{"rendered":"En direct Rh\u00f4ne. Info trafic :\u00a0les agriculteurs se mobilisent \u00e0 nouveau, perturbations\u00a0attendues\u00a0aux entr\u00e9es de Lyon"},"content":{"rendered":"<p>Premi\u00e8re \u00e9tape de la mobilisation des agriculteurs de ce jeudi : trois cort\u00e8ges de tracteurs vont converger vers Lyon ce matin. D\u00e8s 9 heures, ce sera tr\u00e8s compliqu\u00e9 sur ces axes :<\/p>\n<p>Sud de Lyon<\/p>\n<p>Depuis Brignais, en passant par l\u2019A450, la A7, la D383, puis le secteur Gerland. Ce cort\u00e8ge est attendu devant l&rsquo;Agence nationale de s\u00e9curit\u00e9 sanitaire (Anses), \u00e0 Gerland, vers 10h30.<\/p>\n<p>Nord ouest de Lyon<\/p>\n<p>Depuis La Tour de Salvagny, en passant par la l\u2019A89, l\u2019A6, la M6, le tunnel de Fourvi\u00e8re, le quai Gailleton, le quai Courmont, le cours Lafayette, boulevard Favre, puis place Jules-Ferry.<\/p>\n<p>Nord est depuis l&rsquo;Ain<\/p>\n<p>Depuis Beynost, A42, boulevard Laurent Bonnevay, boulevard Stalingrad, rues Rambaud et des \u00c9meraudes, boulevard Favre, puis place Jules-Ferry.<\/p>\n<p>Les deux autres cort\u00e8ges (nord ouest et est) sont attendus devant la Direction r\u00e9gional de l&rsquo;environnement, de l&rsquo;am\u00e9nagement et du logement (Dreal), dans le 6e arrondissement, pour 10h30.<\/p>\n","protected":false},"excerpt":{"rendered":"Premi\u00e8re \u00e9tape de la mobilisation des agriculteurs de ce jeudi : trois cort\u00e8ges de tracteurs vont converger vers&hellip;\n","protected":false},"author":2,"featured_media":664874,"comment_status":"","ping_status":"","sticky":false,"template":"","format":"standard","meta":{"footnotes":""},"categories":[1889],"tags":[1111,11,2430,3542,3152,2757,3153,3154,3155,3156,1777,674,107,1011,27,2428,12,25,2429],"class_list":{"0":"post-664873","1":"post","2":"type-post","3":"status-publish","4":"format-standard","5":"has-post-thumbnail","7":"category-lyon","8":"tag-actu","9":"tag-actualites","10":"tag-auvergne-rhone-alpes","11":"tag-circulation","12":"tag-edition-est-lyonnais","13":"tag-edition-lyon-villeurbanne","14":"tag-edition-ouest-lyonnais","15":"tag-edition-sud-lyonnais","16":"tag-edition-tarare","17":"tag-edition-villefranche","18":"tag-eu","19":"tag-europe","20":"tag-fil-info","21":"tag-fr","22":"tag-france","23":"tag-lyon","24":"tag-news","25":"tag-republique-francaise","26":"tag-rhone"},"share_on_mastodon":{"url":"https:\/\/pubeurope.com\/@fr\/115898104213306684","error":""},"_links":{"self":[{"href":"https:\/\/www.europesays.com\/fr\/wp-json\/wp\/v2\/posts\/664873","targetHints":{"allow":["GET"]}}],"collection":[{"href":"https:\/\/www.europesays.com\/fr\/wp-json\/wp\/v2\/posts"}],"about":[{"href":"https:\/\/www.europesays.com\/fr\/wp-json\/wp\/v2\/types\/post"}],"author":[{"embeddable":true,"href":"https:\/\/www.europesays.com\/fr\/wp-json\/wp\/v2\/users\/2"}],"replies":[{"embeddable":true,"href":"https:\/\/www.europesays.com\/fr\/wp-json\/wp\/v2\/comments?post=664873"}],"version-history":[{"count":0,"href":"https:\/\/www.europesays.com\/fr\/wp-json\/wp\/v2\/posts\/664873\/revisions"}],"wp:featuredmedia":[{"embeddable":true,"href":"https:\/\/www.europesays.com\/fr\/wp-json\/wp\/v2\/media\/664874"}],"wp:attachment":[{"href":"https:\/\/www.europesays.com\/fr\/wp-json\/wp\/v2\/media?parent=664873"}],"wp:term":[{"taxonomy":"category","embeddable":true,"href":"https:\/\/www.europesays.com\/fr\/wp-json\/wp\/v2\/categories?post=664873"},{"taxonomy":"post_tag","embeddable":true,"href":"https:\/\/www.europesays.com\/fr\/wp-json\/wp\/v2\/tags?post=664873"}],"curies":[{"name":"wp","href":"https:\/\/api.w.org\/{rel}","templated":true}]}}