{"id":664895,"date":"2026-01-15T08:22:11","date_gmt":"2026-01-15T08:22:11","guid":{"rendered":"https:\/\/www.europesays.com\/fr\/664895\/"},"modified":"2026-01-15T08:22:11","modified_gmt":"2026-01-15T08:22:11","slug":"luniversite-privee-qui-bouscule-lallemagne","status":"publish","type":"post","link":"https:\/\/www.europesays.com\/fr\/664895\/","title":{"rendered":"l\u2019universit\u00e9 priv\u00e9e qui bouscule l\u2019Allemagne"},"content":{"rendered":"\n<p>En Allemagne, o\u00f9 l\u2019universit\u00e9 publique reste largement gratuite et s\u00e9lective, l\u2019essor fulgurant de l\u2019IU Internationale Hochschule fait figure d\u2019exception. <a class=\"ithalc\" data-ithal=\"lien_externe\" data-ithalc=\"[nav_article]\" target=\"_blank\" href=\"https:\/\/www.spiegel.de\/start\/iu-internationale-hochschule-die-schattenseiten-der-groessten-deutschen-hochschule-a-e874b954-316b-4b09-84ba-c85851d3aea9\" rel=\"noopener\">Selon <strong>Der Spiegel<\/strong><\/a>, cette universit\u00e9 priv\u00e9e, fond\u00e9e en 1998, a vu ses effectifs passer de 10\u00a0000 \u00e9tudiants en 2016 \u00e0 plus de 130\u00a0000 aujourd\u2019hui, en promettant un acc\u00e8s \u00e9largi aux \u00e9tudes sup\u00e9rieures dans un pays encore tr\u00e8s marqu\u00e9 par la s\u00e9lection scolaire pr\u00e9coce.<\/p>\n<p>L\u2019IU s\u2019adresse notamment \u00e0 ceux que le syst\u00e8me allemand laisse de c\u00f4t\u00e9\u00a0: \u00e9l\u00e8ves sans Abitur (l\u2019\u00e9quivalent du bac), candidats recal\u00e9s par le numerus clausus, \u00e9tudiants issus de familles o\u00f9 les parents n\u2019ont pas fait d\u2019\u00e9tudes sup\u00e9rieures. L\u2019\u00e9tablissement revendique cette ouverture\u00a0: \u201cPresque tous les cursus sans numerus clausus, un apprentissage au maximum autod\u00e9termin\u00e9\u201d, proclame sa communication. Selon ses propres chiffres, plus de 70\u00a0% des \u00e9tudiants viennent de foyers non universitaires et 16\u00a0% \u00e9tudient sans baccalaur\u00e9at.<\/p>\n<p>Ce mod\u00e8le repose sur des frais \u00e9lev\u00e9s \u2013 de 259\u00a0euros par mois pour l\u2019enseignement \u00e0 distance \u00e0 plus de 439\u00a0euros pour les formules hybrides \u2013 et sur une logique explicitement marchande. \u201cChaque \u00e9tudiant inscrit est aussi un client payant, l\u2019\u00e9ducation est le produit dans le panier\u201d, \u00e9crit le magazine. L\u2019universit\u00e9 assume une strat\u00e9gie de \u201ccroissance hyperrapide\u201d, financ\u00e9e par le fonds britannique Oakley Capital et une holding domicili\u00e9e aux Bermudes. Malgr\u00e9 cette expansion, le groupe a enregistr\u00e9 une perte de 37\u00a0millions d\u2019euros en 2023.<\/p>\n<p>\u00c0 l\u2019\u00e9chelle nationale, l\u2019impact est d\u00e9j\u00e0 tangible. En 2022, \u201cun \u00e9tudiant sur quatre en travail social en Allemagne \u00e9tait inscrit \u00e0 l\u2019IU\u201d. Une concentration qui inqui\u00e8te les syndicats, tant ces formations alimentent directement les services publics allemands. La multiplication rapide des cursus \u2013 plus de 200, dont pr\u00e8s de 70 nouvellement accr\u00e9dit\u00e9s en 2024 \u2013 a aussi conduit \u00e0 des impasses, notamment dans des fili\u00e8res r\u00e9glement\u00e9es comme l\u2019architecture. \u201cC\u2019\u00e9tait comme une bombe qui explose\u201d, raconte un \u00e9tudiant d\u00e9couvrant que son dipl\u00f4me ne permettait pas d\u2019exercer sous le titre prot\u00e9g\u00e9 d\u2019architecte.<\/p>\n<p>La dimension internationale accentue ces fragilit\u00e9s. Certains \u00e9tudiants voient leurs projets de master \u00e0 l\u2019\u00e9tranger retard\u00e9s, faute de reconnaissance claire de leur dipl\u00f4me, comme ce futur \u00e9tudiant aux \u00c9tats-Unis contraint de repousser son d\u00e9part d\u2019un an. Par ailleurs, la strat\u00e9gie de l\u2019IU s\u2019inscrit dans un march\u00e9 mondialis\u00e9 de l\u2019enseignement sup\u00e9rieur, o\u00f9 flexibilit\u00e9, marketing et capitaux internationaux redessinent les fronti\u00e8res acad\u00e9miques.<\/p>\n<p>Officiellement, l\u2019universit\u00e9 affirme contribuer \u00e0 la \u201cjustice \u00e9ducative\u201d. Mais pour l\u2019hebdomadaire, le constat est plus sombre\u00a0: \u201c\u00c0 la fin, ce sont les \u00e9tudiants qui doivent payer le prix de l\u2019expansion.\u201d<\/p>\n","protected":false},"excerpt":{"rendered":"En Allemagne, o\u00f9 l\u2019universit\u00e9 publique reste largement gratuite et s\u00e9lective, l\u2019essor fulgurant de l\u2019IU Internationale Hochschule fait figure&hellip;\n","protected":false},"author":2,"featured_media":664896,"comment_status":"","ping_status":"","sticky":false,"template":"","format":"standard","meta":{"footnotes":""},"categories":[1587],"tags":[11,672,1804,1856,1805,1803,1777,674,1801,12,1802,11084],"class_list":{"0":"post-664895","1":"post","2":"type-post","3":"status-publish","4":"format-standard","5":"has-post-thumbnail","7":"category-allemagne","8":"tag-actualites","9":"tag-allemagne","10":"tag-bundesrepublik-deutschland","11":"tag-courrier-expat","12":"tag-de","13":"tag-deutschland","14":"tag-eu","15":"tag-europe","16":"tag-germany","17":"tag-news","18":"tag-republique-federale-dallemagne","19":"tag-u00e9ducation"},"share_on_mastodon":{"url":"https:\/\/pubeurope.com\/@fr\/115898151481285324","error":""},"_links":{"self":[{"href":"https:\/\/www.europesays.com\/fr\/wp-json\/wp\/v2\/posts\/664895","targetHints":{"allow":["GET"]}}],"collection":[{"href":"https:\/\/www.europesays.com\/fr\/wp-json\/wp\/v2\/posts"}],"about":[{"href":"https:\/\/www.europesays.com\/fr\/wp-json\/wp\/v2\/types\/post"}],"author":[{"embeddable":true,"href":"https:\/\/www.europesays.com\/fr\/wp-json\/wp\/v2\/users\/2"}],"replies":[{"embeddable":true,"href":"https:\/\/www.europesays.com\/fr\/wp-json\/wp\/v2\/comments?post=664895"}],"version-history":[{"count":0,"href":"https:\/\/www.europesays.com\/fr\/wp-json\/wp\/v2\/posts\/664895\/revisions"}],"wp:featuredmedia":[{"embeddable":true,"href":"https:\/\/www.europesays.com\/fr\/wp-json\/wp\/v2\/media\/664896"}],"wp:attachment":[{"href":"https:\/\/www.europesays.com\/fr\/wp-json\/wp\/v2\/media?parent=664895"}],"wp:term":[{"taxonomy":"category","embeddable":true,"href":"https:\/\/www.europesays.com\/fr\/wp-json\/wp\/v2\/categories?post=664895"},{"taxonomy":"post_tag","embeddable":true,"href":"https:\/\/www.europesays.com\/fr\/wp-json\/wp\/v2\/tags?post=664895"}],"curies":[{"name":"wp","href":"https:\/\/api.w.org\/{rel}","templated":true}]}}