{"id":6649,"date":"2025-04-07T01:01:17","date_gmt":"2025-04-07T01:01:17","guid":{"rendered":"https:\/\/www.europesays.com\/fr\/6649\/"},"modified":"2025-04-07T01:01:17","modified_gmt":"2025-04-07T01:01:17","slug":"pro-d2-provence-rugby-signe-la-plus-large-victoire-de-son-histoire-contre-dax","status":"publish","type":"post","link":"https:\/\/www.europesays.com\/fr\/6649\/","title":{"rendered":"Pro D2 : Provence Rugby signe la plus large victoire de son histoire contre Dax"},"content":{"rendered":"<p>Toute la semaine, les joueurs de Provence Rugby se sont mur\u00e9s dans le silence et le travail. La moindre des choses apr\u00e8s avoir \u00e9t\u00e9 <a href=\"https:\/\/www.laprovence.com\/article\/sports\/9962429550365314\/rugby-pro-d2-le-cauchemar-des-aixois-balayes-63-a-7-par-valence-romans\" target=\"_blank\" rel=\"nofollow noopener\">ch\u00e2ti\u00e9s une semaine plus t\u00f4t en terre dr\u00f4moise par Valence-Romans (63-7)<\/a>.<\/p>\n<p>Et forc\u00e9ment, Aix \u00e9tait attendu au tournant vendredi soir lors de la r\u00e9ception de Dax, dans un match pi\u00e8ge, o\u00f9 tous les comportements allaient \u00eatre scrut\u00e9s de pr\u00e8s apr\u00e8s la remise en question collective. \u00ab\u00a0Cette d\u00e9faite \u00e0 Valence \u00e9tait irrationnelle parce que nous n&rsquo;avons pas d&rsquo;explications. Voyons voir comment nous allons r\u00e9agir face \u00e0 Dax avant de tirer des plans sur la com\u00e8te\u00a0\u00bb, assurait le pr\u00e9sident Denis Philipon avant le coup d&rsquo;envoi de cette 25e journ\u00e9e.<\/p>\n","protected":false},"excerpt":{"rendered":"Toute la semaine, les joueurs de Provence Rugby se sont mur\u00e9s dans le silence et le travail. La&hellip;\n","protected":false},"author":2,"featured_media":6650,"comment_status":"","ping_status":"","sticky":false,"template":"","format":"standard","meta":{"footnotes":""},"categories":[1416],"tags":[17,1011,27,3790,378,3788,1186,479,1468,3789,60],"class_list":{"0":"post-6649","1":"post","2":"type-post","3":"status-publish","4":"format-standard","5":"has-post-thumbnail","7":"category-rugby","8":"tag-17","9":"tag-fr","10":"tag-france","11":"tag-large","12":"tag-plus","13":"tag-pro","14":"tag-provence","15":"tag-rugby","16":"tag-rugby-football","17":"tag-signe","18":"tag-sports"},"share_on_mastodon":{"url":"https:\/\/pubeurope.com\/@fr\/114293983477329827","error":""},"_links":{"self":[{"href":"https:\/\/www.europesays.com\/fr\/wp-json\/wp\/v2\/posts\/6649","targetHints":{"allow":["GET"]}}],"collection":[{"href":"https:\/\/www.europesays.com\/fr\/wp-json\/wp\/v2\/posts"}],"about":[{"href":"https:\/\/www.europesays.com\/fr\/wp-json\/wp\/v2\/types\/post"}],"author":[{"embeddable":true,"href":"https:\/\/www.europesays.com\/fr\/wp-json\/wp\/v2\/users\/2"}],"replies":[{"embeddable":true,"href":"https:\/\/www.europesays.com\/fr\/wp-json\/wp\/v2\/comments?post=6649"}],"version-history":[{"count":0,"href":"https:\/\/www.europesays.com\/fr\/wp-json\/wp\/v2\/posts\/6649\/revisions"}],"wp:featuredmedia":[{"embeddable":true,"href":"https:\/\/www.europesays.com\/fr\/wp-json\/wp\/v2\/media\/6650"}],"wp:attachment":[{"href":"https:\/\/www.europesays.com\/fr\/wp-json\/wp\/v2\/media?parent=6649"}],"wp:term":[{"taxonomy":"category","embeddable":true,"href":"https:\/\/www.europesays.com\/fr\/wp-json\/wp\/v2\/categories?post=6649"},{"taxonomy":"post_tag","embeddable":true,"href":"https:\/\/www.europesays.com\/fr\/wp-json\/wp\/v2\/tags?post=6649"}],"curies":[{"name":"wp","href":"https:\/\/api.w.org\/{rel}","templated":true}]}}