{"id":664913,"date":"2026-01-15T08:35:10","date_gmt":"2026-01-15T08:35:10","guid":{"rendered":"https:\/\/www.europesays.com\/fr\/664913\/"},"modified":"2026-01-15T08:35:10","modified_gmt":"2026-01-15T08:35:10","slug":"development-team-picnic-postnl-leffectif-2026-actualite","status":"publish","type":"post","link":"https:\/\/www.europesays.com\/fr\/664913\/","title":{"rendered":"Development Team Picnic-PostNL : L\u2019effectif 2026 &#8211; Actualit\u00e9"},"content":{"rendered":"<p>L\u2019\u00e9quipe r\u00e9serve du Team Picnic-PostNL\u00a0poss\u00e8de un effectif de seize \u00e9l\u00e9ments pour la saison 2026. La Continentale n\u00e9erlandaise compte sept recrues dont un Fran\u00e7ais, Alexandre Trouvain.<\/p>\n<p>Oliver Peace est le seul coureur promu vers la WorldTeam tandis que Vincent Bodet et le Britannique Angus Stoneham rejoignent chacun une Conti F\u00e9d\u00e9rale, le Vend\u00e9e U et le SCO Dijon-Team Materiel-velo.com.\u00a0<\/p>\n<p><strong>L\u2019effectif 2026 du Development Team Picnic-PostNL\u00a0:<br \/><\/strong>Jacob Bush, 20 ans \u00a0 \u00a0\u00a0<br \/>Milan De Ceuster, 20 ans (Lotto DT)<br \/>Lennes Jacobs, 18 ans (WAC Team)<br \/>Ko Molenaar, 19 ans \u00a0 \u00a0\u00a0<br \/>Finn O&rsquo;Brien, 18 ans (Team INCA)<br \/>Matthew Peace, 18 ans (Tofauti Everyone Active Majaco)<br \/>Xander Scheldeman, 19 ans \u00a0 \u00a0\u00a0<br \/>Pavel Sumpik, 19 ans \u00a0 \u00a0 \u00a0 \u00a0\u00a0<br \/>Alexandre Trouvain, 18 ans (Argenteuil Val de Seine 95)<br \/>Ulrik Tvedt, 22 ans (Lillehammer CK Continental Team)<br \/>Thom Van Der Werff, 20 ans \u00a0 \u00a0\u00a0<br \/>Christiaan Van Rees, 20 ans \u00a0 \u00a0\u00a0<br \/>Matteo Vanhuffel, 19 ans \u00a0 \u00a0\u00a0<br \/>Rick Versloot, 18 ans (TWC Pijnenburg) \u00a0 \u00a0<br \/>Mees Vlot, 20 ans \u00a0 \u00a0 \u00a0 \u00a0\u00a0<br \/>Jurgen Zomermaand, 19 ans<\/p>\n<p>Les d\u00e9parts : Vincent Bodet (Vend\u00e9e U), Johan Dorussen (Metec-SOLARWATT p\/b Mantel), Ryan Gal (Metec-SOLARWATT p\/b Mantel), Anton Louw Larsen (Airtox-Carl Ras), Oliver Peace (Team Picnic PostNL) et Angus Stoneham (SCO Dijon-Team Materiel-velo.com).\u00a0<\/p>\n","protected":false},"excerpt":{"rendered":"L\u2019\u00e9quipe r\u00e9serve du Team Picnic-PostNL\u00a0poss\u00e8de un effectif de seize \u00e9l\u00e9ments pour la saison 2026. La Continentale n\u00e9erlandaise compte&hellip;\n","protected":false},"author":2,"featured_media":664914,"comment_status":"","ping_status":"","sticky":false,"template":"","format":"standard","meta":{"footnotes":""},"categories":[1411],"tags":[834,828,836,829,837,827,83,826,824,823,1154,207,814,817,815,816,822,821,832,211,839,1011,27,820,818,819,835,831,830,833,838,60,212,208,825],"class_list":{"0":"post-664913","1":"post","2":"type-post","3":"status-publish","4":"format-standard","5":"has-post-thumbnail","7":"category-cyclisme","8":"tag-attaque","9":"tag-belgique","10":"tag-braquet","11":"tag-bretagne","12":"tag-chute","13":"tag-competition","14":"tag-coupe-de-france","15":"tag-coureur","16":"tag-course-cyclisme","17":"tag-course-cycliste","18":"tag-cycling","19":"tag-cyclisme","20":"tag-direct","21":"tag-direct-velo","22":"tag-directvelo","23":"tag-directvelo-com","24":"tag-epreuve","25":"tag-epreuve-cycliste","26":"tag-federation-francaise-de-cyclisme","27":"tag-ffc","28":"tag-flandres","29":"tag-fr","30":"tag-france","31":"tag-live","32":"tag-live-course","33":"tag-live-epreuve","34":"tag-peloton","35":"tag-radio-peloton","36":"tag-radio-tour","37":"tag-ravitaillement","38":"tag-relance","39":"tag-sports","40":"tag-uci","41":"tag-velo","42":"tag-velos"},"share_on_mastodon":{"url":"https:\/\/pubeurope.com\/@fr\/115898202453061642","error":""},"_links":{"self":[{"href":"https:\/\/www.europesays.com\/fr\/wp-json\/wp\/v2\/posts\/664913","targetHints":{"allow":["GET"]}}],"collection":[{"href":"https:\/\/www.europesays.com\/fr\/wp-json\/wp\/v2\/posts"}],"about":[{"href":"https:\/\/www.europesays.com\/fr\/wp-json\/wp\/v2\/types\/post"}],"author":[{"embeddable":true,"href":"https:\/\/www.europesays.com\/fr\/wp-json\/wp\/v2\/users\/2"}],"replies":[{"embeddable":true,"href":"https:\/\/www.europesays.com\/fr\/wp-json\/wp\/v2\/comments?post=664913"}],"version-history":[{"count":0,"href":"https:\/\/www.europesays.com\/fr\/wp-json\/wp\/v2\/posts\/664913\/revisions"}],"wp:featuredmedia":[{"embeddable":true,"href":"https:\/\/www.europesays.com\/fr\/wp-json\/wp\/v2\/media\/664914"}],"wp:attachment":[{"href":"https:\/\/www.europesays.com\/fr\/wp-json\/wp\/v2\/media?parent=664913"}],"wp:term":[{"taxonomy":"category","embeddable":true,"href":"https:\/\/www.europesays.com\/fr\/wp-json\/wp\/v2\/categories?post=664913"},{"taxonomy":"post_tag","embeddable":true,"href":"https:\/\/www.europesays.com\/fr\/wp-json\/wp\/v2\/tags?post=664913"}],"curies":[{"name":"wp","href":"https:\/\/api.w.org\/{rel}","templated":true}]}}