{"id":664919,"date":"2026-01-15T08:38:12","date_gmt":"2026-01-15T08:38:12","guid":{"rendered":"https:\/\/www.europesays.com\/fr\/664919\/"},"modified":"2026-01-15T08:38:12","modified_gmt":"2026-01-15T08:38:12","slug":"tout-comprendre-a-la-hausse-des-tarifs-dans-plusieurs-grands-musees-pour-certains-visiteurs","status":"publish","type":"post","link":"https:\/\/www.europesays.com\/fr\/664919\/","title":{"rendered":"Tout comprendre \u00e0 la hausse des tarifs dans plusieurs grands mus\u00e9es pour certains visiteurs"},"content":{"rendered":"<p>        <img decoding=\"async\" loading=\"lazy\" src=\"https:\/\/www.europesays.com\/fr\/wp-content\/uploads\/2026\/01\/63a3f14_upload-1-lxcyrpio0qsc-afp-20251119-84jc9g3-v1-highres-francecultureartmuseumlouvre.jpg\"  width=\"728\" height=\"409\" alt=\"La \u00ab\u00a0Victoire de Samothrace\u00a0\u00bb, ici au Louvre.\"\/>  <\/p>\n<p>SEBASTIEN DUPUY \/ AFP<\/p>\n<p>La \u00ab\u00a0Victoire de Samothrace\u00a0\u00bb, ici au Louvre.<\/p>\n<p class=\"asset asset-text\">Comptez trois euros de plus pour arpenter la galerie des Glaces \u00e0 <a target=\"_blank\" href=\"https:\/\/www.huffingtonpost.fr\/culture\/article\/le-chateau-de-versailles-lance-un-appel-apres-la-decouverte-d-une-uvre-spoliee-par-les-nazis_258011.html\" rel=\"noopener\">Versailles<\/a>, et dix euros suppl\u00e9mentaires pour se perdre dans les couloirs du <a target=\"_blank\" href=\"https:\/\/www.huffingtonpost.fr\/culture\/video\/pour-lancer-les-journees-du-patrimoine-le-chateau-de-chambord-a-eu-droit-a-un-show-majestueux_255047.html*\" rel=\"noopener\">ch\u00e2teau de Chambord<\/a>. Ces hausses ne concernent pas tout le monde, mais seuls les visiteurs \u00e9trangers non-europ\u00e9ens qui, \u00e0 compter de ce mercredi 14\u00a0janvier, doivent <a target=\"_blank\" href=\"https:\/\/www.huffingtonpost.fr\/culture\/video\/le-prix-du-billet-d-entree-au-louvre-va-augmenter-pour-les-visiteurs-etrangers-hors-ue-annonce-macron_245458.html\" rel=\"noopener\">payer plus cher<\/a> dans plusieurs lieux culturels incontournables, en France.<\/p>\n<p class=\"asset asset-text\">Quels mus\u00e9es sont concern\u00e9s, et \u00e0 quel prix\u00a0? Pourquoi cette initiative tarifaire rare en Europe et dans le monde, par ailleurs loin de faire l\u2019unanimit\u00e9 au sein m\u00eame de ces institutions fran\u00e7aises, a-t-elle \u00e9t\u00e9 port\u00e9e par le gouvernement, et son actuelle ministre de la Culture Rachida Dati\u00a0? Pour y voir plus clair, Le HuffPost vous propose de revenir point par point sur le dossier.<\/p>\n<p>    Quels mus\u00e9es sont concern\u00e9s\u00a0?    <\/p>\n<p class=\"asset asset-text\">L\u2019entr\u00e9e en vigueur de cette nouvelle tarification, qui ne s\u2019adresse qu\u2019aux touristes hors Union europ\u00e9enne, Islande, Liechtenstein et Norv\u00e8ge, est mise en place dans cinq lieux. Parmi eux, le mus\u00e9e du Louvre, o\u00f9 ces visiteurs devront d\u00e9sormais s\u2019acquitter d\u2019une entr\u00e9e \u00e0 32\u00a0euros, soit 45\u00a0% de plus que le prix actuel.<\/p>\n<p class=\"asset asset-text\">Le ch\u00e2teau de Versailles, o\u00f9 seules 17\u00a0% des personnes qui s\u2019y rendent sont fran\u00e7aises, a aussi fait grimper ses tarifs. L\u2019acc\u00e8s \u00e0 l\u2019ensemble du domaine monte \u00e0 25\u00a0euros, au lieu de 22\u00a0euros. Comme le soulignent nos confr\u00e8res du <a target=\"_blank\" href=\"https:\/\/www.ledauphine.com\/culture-loisirs\/2026\/01\/14\/musee-du-louvre-versailles-quels-sont-les-nouveaux-tarifs-pour-les-touristes-non-europeens\" rel=\"noopener\" title=\"Nouvelle fen\u00eatre\">Dauphin\u00e9 Lib\u00e9r\u00e9<\/a>, celui-ci devrait m\u00eame atteindre les 35\u00a0euros pendant la \u00ab\u00a0haute saison\u00a0\u00bb, c\u2019est-\u00e0-dire du 1er\u00a0avril au 31\u00a0octobre.<\/p>\n<p class=\"asset asset-text\">M\u00eame son de cloche pour le plus vaste des ch\u00e2teaux de la Loire mentionn\u00e9 plus haut, Chambord. Finis les 19\u00a0euros demand\u00e9s \u00e0 l\u2019accueil. Il leur faudra maintenant d\u00e9penser la modique somme de 31\u00a0euros, soit dix euros de plus qu\u2019aux r\u00e9sidents europ\u00e9ens. On parle, ici, d\u2019une hausse de 63\u00a0% par rapport \u00e0 l\u2019ann\u00e9e 2025.<\/p>\n<p class=\"asset asset-text\">Quant \u00e0 la Sainte Chapelle, \u00e0 Paris\u00a0: depuis ce mercredi, le passage du portique est fix\u00e9 \u00e0 22\u00a0euros, contre 13\u00a0euros auparavant. Le billet combin\u00e9 avec la Conciergerie monte pour sa part \u00e0 30\u00a0euros. Il \u00e9tait \u00e0 25\u00a0euros avant la hausse.<\/p>\n<p class=\"asset asset-text\">M\u00eame si dans l\u2019ensemble, la gratuit\u00e9 s\u2019applique toutefois pour les moins de 18\u00a0ans quelle que soit la nationalit\u00e9, d\u2019autres lieux, comme les visites de l\u2019Op\u00e9ra Garnier, devraient \u00eatre concern\u00e9s par cette mont\u00e9e des prix dans le reste de l\u2019ann\u00e9e, pouvant ainsi donner des id\u00e9es l\u2019an prochain ailleurs encore, selon les r\u00e9sultats.<\/p>\n<p>                     Pourquoi\u00a0augmenter les tarifs ?    <\/p>\n<p class=\"asset asset-text\">Cette flamb\u00e9e des tarifs \u00e0 l\u2019entr\u00e9e des mus\u00e9es ne vient pas de nulle part. Elle est motiv\u00e9e par \u00ab\u00a0une vraie rupture dans la politique tarifaire\u00a0\u00bb sign\u00e9e Rachida Dati, selon qui \u00ab\u00a0les Fran\u00e7ais n\u2019ont pas vocation \u00e0 payer tout, tout seuls\u00a0\u00bb. Cette derni\u00e8re souhaite que \u00ab\u00a0ce suppl\u00e9ment aille financer la r\u00e9novation du patrimoine national\u00a0\u00bb.<\/p>\n<p>         <img decoding=\"async\" loading=\"lazy\" src=\"https:\/\/www.europesays.com\/fr\/wp-content\/uploads\/2026\/01\/9c1d02f_upload-1-gvu3tyq9l561-afp-20160330-only-0309858-v3-highres-franceyvelines78domainedeversaill.jpeg\"  width=\"728\" height=\"484\" alt=\"Ici, la galerie des Glaces du ch\u00e2teau de Versailles.\"\/>  <\/p>\n<p>J-F TRIPELON-JARRY \/ Only France via AFP<\/p>\n<p>Ici, la galerie des Glaces du ch\u00e2teau de Versailles.<\/p>\n<p class=\"asset asset-text\">En effet, la France pense pouvoir g\u00e9n\u00e9rer gr\u00e2ce \u00e0 \u00e7a \u00ab\u00a020 \u00e0 30\u00a0millions d\u2019euros\u00a0\u00bb suppl\u00e9mentaires par an, selon les estimations du minist\u00e8re de la Culture. \u00c0 titre d\u2019exemple, le b\u00e9n\u00e9fice attendu pour Versailles devrait tourner autour des 9,3\u00a0millions d\u2019euros suppl\u00e9mentaires, sur la base de la fr\u00e9quentation en 2024.<\/p>\n<p class=\"asset asset-text\">Parmi les projets privil\u00e9gi\u00e9s, il y en a un tr\u00e8s d\u2019actualit\u00e9 qui tr\u00f4ne dans l\u2019esprit de notre pr\u00e9sident\u00a0: le colossal chantier de r\u00e9novation du Louvre. Voulu par Emmanuel Macron, comme il l\u2019a martel\u00e9 dans un discours en d\u00e9but d\u2019ann\u00e9e 2025, il est \u00e9valu\u00e9 \u00e0 plus d\u2019un milliard d\u2019euros.<\/p>\n<p>                     Un accueil mitig\u00e9, non\u00a0?    <\/p>\n<p class=\"asset asset-text\">Cette diff\u00e9renciation ne fait toutefois pas l\u2019unanimit\u00e9, m\u00eame chez nous. Au sein du Louvre, les syndicats, engag\u00e9s depuis la mi-d\u00e9cembre dans ce qui s\u2019apparente \u00e0 l\u2019une des plus grandes mobilisations de l\u2019histoire du c\u00e9l\u00e8bre mus\u00e9e, estiment notamment que la double tarification \u00ab\u00a0foule aux pieds notre histoire r\u00e9publicaine et l\u2019universalisme fondateur\u00a0\u00bb du lieu. Ouvert en 1793\u00a0\u00e0 peine quelques ann\u00e9es apr\u00e8s la R\u00e9volution fran\u00e7aise, le mus\u00e9e de 360\u00a0000\u00a0m\u00e8tres carr\u00e9s devrait en partie sa cr\u00e9ation \u00e0 cette notion de philosophie politique.<\/p>\n<p class=\"asset asset-text\">Vent debout contre ce qu\u2019ils qualifient de politique tarifaire \u00ab\u00a0choquante philosophiquement, socialement et humainement\u00a0\u00bb, ils ont inscrit la demande de renoncement \u00e0 cette mesure \u00e0 leurs revendications de gr\u00e8ve, r\u00e9veillant par l\u00e0 m\u00eame un lancinant d\u00e9bat sur les mus\u00e9es.<\/p>\n<p class=\"asset asset-text\">Somm\u00e9s d\u2019assurer un acc\u00e8s au plus grand nombre tout en g\u00e9n\u00e9rant suffisamment de recettes pour leur entretien, \u00ab\u00a0les mus\u00e9es sont sous pression\u00a0\u00bb, a reconnu un des comit\u00e9s du Conseil international des mus\u00e9es, une organisation repr\u00e9sent\u00e9e dans 139 pays, peu apr\u00e8s la d\u00e9cision du Louvre, note l\u2019AFP. Accessibilit\u00e9 et viabilit\u00e9, deux imp\u00e9ratifs qui \u00ab\u00a0ne cohabitent pas toujours facilement\u00a0\u00bb, d\u2019apr\u00e8s l\u2019instance.<\/p>\n<p>                     \u00c0 l\u2019\u00e9tranger, comme \u00e7a se passe\u00a0?    <\/p>\n<p class=\"asset asset-text\">Il faut dire qu\u2019ailleurs en Europe, une telle mesure n\u2019a pas d\u2019\u00e9quivalent. Au British Museum de Londres, l\u2019entr\u00e9e est gratuite quelle que soit l\u2019origine g\u00e9ographique des visiteurs. Idem au Rijksmuseum d\u2019Amsterdam, au Prado de Madrid ou \u00e0 l\u2019Alte Nationalgalerie de Berlin.<\/p>\n<p class=\"asset asset-text\">De l\u2019autre c\u00f4t\u00e9 de l\u2019Atlantique, on s\u2019en rapproche. \u00c0 New York, par exemple, le Met permet aux r\u00e9sidents de son \u00c9tat de fixer eux-m\u00eames leur prix d\u2019entr\u00e9e. Pour tous les autres adultes, qu\u2019ils soient Am\u00e9ricains, Chinois, Mexicains ou europ\u00e9ens, il faut d\u00e9bourser 30\u00a0dollars, \u00e0 l\u2019exception des seniors, des personnes handicap\u00e9es et des \u00e9tudiants.<\/p>\n<p class=\"asset asset-text\">Il faut regarder plus loin pour trouver une diff\u00e9renciation similaire, comme au P\u00e9rou pour vister le Machu Picchu. L\u00e0-bas, les touristes \u00e9trangers en ont pour 62\u00a0dollars, contre 35\u00a0dollars pour les ressortissants de la communaut\u00e9 andine, zone g\u00e9ographique regroupant la Bolivie, la Colombie, l\u2019\u00c9quateur et le pays o\u00f9 se trouve le c\u00e9l\u00e8bre lieu historique.<\/p>\n<p>         <img decoding=\"async\" loading=\"lazy\" src=\"https:\/\/www.europesays.com\/fr\/wp-content\/uploads\/2026\/01\/3190ee4_upload-1-nblastgiib4h-afp-20240327-aa-27032024-1598595-v1-highres-incanruinsofmachupicchuper.jpeg\"  width=\"728\" height=\"485\" alt=\"Le Machu Picchu compte 5600\u00a0visiteurs par jour en haute saison.\"\/>  <\/p>\n<p>DIEGO RADAMES \/ Anadolu via AFP<\/p>\n<p>Le Machu Picchu compte 5600\u00a0visiteurs par jour en haute saison.<\/p>\n<p class=\"asset asset-text\">Pareil en \u00c9gypte, o\u00f9 le Grand mus\u00e9e du\u00a0Caire propose un tarif de 200\u00a0livres \u00e9gyptiennes (3,5\u00a0euros) pour les \u00c9gyptiens et de 1\u00a0450\u00a0livres (26\u00a0euros) pour les autres visiteurs. En Inde, le billet pour le Taj Mahal est 23\u00a0fois plus \u00e9lev\u00e9 pour les \u00e9trangers que pour les touristes indiens, tandis que la visite du site de Petra, en Jordanie, revient \u00e0 30\u00a0dinars jordaniens pour les touristes arabes, et \u00e0 un unique dinar pour les Jordaniens (un peu plus d\u20191\u00a0euro). Il monte \u00e0 50\u00a0pour les touristes du reste du monde, soit \u00e0 peu pr\u00e8s 60\u00a0euros.<\/p>\n","protected":false},"excerpt":{"rendered":"SEBASTIEN DUPUY \/ AFP La \u00ab\u00a0Victoire de Samothrace\u00a0\u00bb, ici au Louvre. Comptez trois euros de plus pour arpenter&hellip;\n","protected":false},"author":2,"featured_media":664920,"comment_status":"","ping_status":"","sticky":false,"template":"","format":"standard","meta":{"footnotes":""},"categories":[1358],"tags":[1348,1384,1385,251,1386,58,59,1011,27,11274,3048],"class_list":{"0":"post-664919","1":"post","2":"type-post","3":"status-publish","4":"format-standard","5":"has-post-thumbnail","7":"category-arts-et-design","8":"tag-arts","9":"tag-arts-and-design","10":"tag-arts-et-design","11":"tag-culture","12":"tag-design","13":"tag-divertissement","14":"tag-entertainment","15":"tag-fr","16":"tag-france","17":"tag-louvre","18":"tag-musee"},"share_on_mastodon":{"url":"https:\/\/pubeurope.com\/@fr\/115898214298602342","error":""},"_links":{"self":[{"href":"https:\/\/www.europesays.com\/fr\/wp-json\/wp\/v2\/posts\/664919","targetHints":{"allow":["GET"]}}],"collection":[{"href":"https:\/\/www.europesays.com\/fr\/wp-json\/wp\/v2\/posts"}],"about":[{"href":"https:\/\/www.europesays.com\/fr\/wp-json\/wp\/v2\/types\/post"}],"author":[{"embeddable":true,"href":"https:\/\/www.europesays.com\/fr\/wp-json\/wp\/v2\/users\/2"}],"replies":[{"embeddable":true,"href":"https:\/\/www.europesays.com\/fr\/wp-json\/wp\/v2\/comments?post=664919"}],"version-history":[{"count":0,"href":"https:\/\/www.europesays.com\/fr\/wp-json\/wp\/v2\/posts\/664919\/revisions"}],"wp:featuredmedia":[{"embeddable":true,"href":"https:\/\/www.europesays.com\/fr\/wp-json\/wp\/v2\/media\/664920"}],"wp:attachment":[{"href":"https:\/\/www.europesays.com\/fr\/wp-json\/wp\/v2\/media?parent=664919"}],"wp:term":[{"taxonomy":"category","embeddable":true,"href":"https:\/\/www.europesays.com\/fr\/wp-json\/wp\/v2\/categories?post=664919"},{"taxonomy":"post_tag","embeddable":true,"href":"https:\/\/www.europesays.com\/fr\/wp-json\/wp\/v2\/tags?post=664919"}],"curies":[{"name":"wp","href":"https:\/\/api.w.org\/{rel}","templated":true}]}}