{"id":664921,"date":"2026-01-15T08:40:09","date_gmt":"2026-01-15T08:40:09","guid":{"rendered":"https:\/\/www.europesays.com\/fr\/664921\/"},"modified":"2026-01-15T08:40:09","modified_gmt":"2026-01-15T08:40:09","slug":"resume-de-lepisode-du-vendredi-16-janvier","status":"publish","type":"post","link":"https:\/\/www.europesays.com\/fr\/664921\/","title":{"rendered":"r\u00e9sum\u00e9 de l&rsquo;\u00e9pisode du vendredi 16 janvier"},"content":{"rendered":"<p>Rien ne laissait pr\u00e9sager un tel retournement. Dans l\u2019\u00e9pisode<br \/>\n1351, diffus\u00e9 le 15 janvier 2026 sur TF1, Anouk est la cible d\u2019un<br \/>\nsabotage orchestr\u00e9 par Juliette. Anim\u00e9e par un esprit de vengeance,<br \/>\nJuliette sectionne des c\u00e2bles sur la moto d\u2019Anouk, pr\u00eate \u00e0 lui<br \/>\nfaire payer ce qu\u2019elle consid\u00e8re comme une trahison. Juliette tient<br \/>\nAnouk pour responsable du suicide de Jean, son ancien compagnon.<br \/>\n\u00ab\u00a0Jean \u00e9tait mon fianc\u00e9\u00a0\u00bb, lance-t-elle, le regard charg\u00e9 de rancune,<br \/>\nlors d\u2019une confrontation tendue avec Fleur et Jos\u00e9phine. <a href=\"https:\/\/www.melty.fr\/series\/ici-tout-commence-en-avance-resume-de-lepisode-du-jeudi-15-janvier-2288772.html\" target=\"_blank\" rel=\"noopener\"><br \/>\nCe drame ancien refait surface avec une violence inattendue \u00e0<br \/>\nl\u2019institut<\/a>.<\/p>\n<p>Face \u00e0 face bouleversant entre Juliette et Anouk<\/p>\n<p>D\u00e9cid\u00e9e \u00e0 faire la lumi\u00e8re sur l\u2019affaire, Anouk accepte de<br \/>\nparler avec Juliette. Elle affirme avec aplomb qu\u2019elle n\u2019a rien \u00e0<br \/>\ncacher et remet son t\u00e9l\u00e9phone \u00e0 son accusatrice pour prouver<br \/>\nqu\u2019aucune relation ambigu\u00eb ne la liait \u00e0 Jean. \u00ab\u00a0Il \u00e9tait en<br \/>\nd\u00e9pression, je ne suis pas responsable de sa mort\u00a0\u00bb, dit-elle. Mais<br \/>\nJuliette n\u2019en d\u00e9mord pas. Le moment devient crucial lorsque, alors<br \/>\nqu\u2019Anouk s\u2019appr\u00eate \u00e0 d\u00e9marrer sa moto sabot\u00e9e, Juliette panique et<br \/>\nlui crie \u00ab\u00a0Attendez !\u00a0\u00bb. Trop tard ? Le doute plane.<\/p>\n<p>L\u2019institut secou\u00e9 par les r\u00e9v\u00e9lations<\/p>\n<p>Pendant que le sort d\u2019Anouk reste incertain, les r\u00e9v\u00e9lations<br \/>\npleuvent \u00e0 l\u2019institut. Fleur confie \u00e0 Lionel la v\u00e9rit\u00e9 sur Juliette<br \/>\n: c\u2019est elle qui faisait chanter Loup et Jos\u00e9phine. Lionel,<br \/>\nabasourdi, r\u00e9alise qu\u2019il n\u2019a rien vu venir. L\u2019ambiance est<br \/>\n\u00e9lectrique, les alliances changent et les v\u00e9rit\u00e9s \u00e9clatent. De son<br \/>\nc\u00f4t\u00e9, Ana\u00efs g\u00e8re la crise autour de Milan, accus\u00e9 \u00e0 tort de vol.<br \/>\nTandis qu\u2019elle tente de maintenir la discipline, un bad buzz enfle<br \/>\nsur les r\u00e9seaux. La direction est sous pression, <a href=\"https:\/\/www.melty.fr\/series\/plus-belle-la-vie-en-avance-resume-de-lepisode-496-du-mardi-13-janvier-2288359.html\" target=\"_blank\" rel=\"noopener\"><br \/>\nles tensions explosent entre les \u00e9l\u00e8ves et les professeurs<\/a>.<\/p>\n<p>Le d\u00e9part d\u2019Anouk, les sentiments<br \/>\nr\u00e9v\u00e9l\u00e9s<\/p>\n<p>Le lendemain, l\u2019\u00e9pisode 1352 confirme qu\u2019Anouk quitte<br \/>\ntemporairement l\u2019institut. Elle remercie Jos\u00e9phine pour son soutien<br \/>\net prend du recul apr\u00e8s les \u00e9v\u00e9nements. Clotilde lui avoue que<br \/>\nl\u2019institut a besoin d\u2019elle, mais Anouk pr\u00e9f\u00e8re se retirer pour<br \/>\nr\u00e9fl\u00e9chir. Parall\u00e8lement, un autre duo se dessine. Gr\u00e2ce \u00e0 Zo\u00e9 et<br \/>\nB\u00e9r\u00e9nice, Fleur d\u00e9couvre que Lionel partage ses sentiments.<br \/>\nL\u2019avenir s\u2019annonce incertain pour certains\u2026 mais charg\u00e9 d\u2019espoir<br \/>\npour d\u2019autres.<\/p>\n","protected":false},"excerpt":{"rendered":"Rien ne laissait pr\u00e9sager un tel retournement. Dans l\u2019\u00e9pisode 1351, diffus\u00e9 le 15 janvier 2026 sur TF1, Anouk&hellip;\n","protected":false},"author":2,"featured_media":664922,"comment_status":"","ping_status":"","sticky":false,"template":"","format":"standard","meta":{"footnotes":""},"categories":[1356],"tags":[58,59,1011,27,620,252,199,1364],"class_list":{"0":"post-664921","1":"post","2":"type-post","3":"status-publish","4":"format-standard","5":"has-post-thumbnail","7":"category-television","8":"tag-divertissement","9":"tag-entertainment","10":"tag-fr","11":"tag-france","12":"tag-ici-tout-commence","13":"tag-television","14":"tag-tf1","15":"tag-tv"},"share_on_mastodon":{"url":"https:\/\/pubeurope.com\/@fr\/115898222069208552","error":""},"_links":{"self":[{"href":"https:\/\/www.europesays.com\/fr\/wp-json\/wp\/v2\/posts\/664921","targetHints":{"allow":["GET"]}}],"collection":[{"href":"https:\/\/www.europesays.com\/fr\/wp-json\/wp\/v2\/posts"}],"about":[{"href":"https:\/\/www.europesays.com\/fr\/wp-json\/wp\/v2\/types\/post"}],"author":[{"embeddable":true,"href":"https:\/\/www.europesays.com\/fr\/wp-json\/wp\/v2\/users\/2"}],"replies":[{"embeddable":true,"href":"https:\/\/www.europesays.com\/fr\/wp-json\/wp\/v2\/comments?post=664921"}],"version-history":[{"count":0,"href":"https:\/\/www.europesays.com\/fr\/wp-json\/wp\/v2\/posts\/664921\/revisions"}],"wp:featuredmedia":[{"embeddable":true,"href":"https:\/\/www.europesays.com\/fr\/wp-json\/wp\/v2\/media\/664922"}],"wp:attachment":[{"href":"https:\/\/www.europesays.com\/fr\/wp-json\/wp\/v2\/media?parent=664921"}],"wp:term":[{"taxonomy":"category","embeddable":true,"href":"https:\/\/www.europesays.com\/fr\/wp-json\/wp\/v2\/categories?post=664921"},{"taxonomy":"post_tag","embeddable":true,"href":"https:\/\/www.europesays.com\/fr\/wp-json\/wp\/v2\/tags?post=664921"}],"curies":[{"name":"wp","href":"https:\/\/api.w.org\/{rel}","templated":true}]}}