{"id":664923,"date":"2026-01-15T08:41:16","date_gmt":"2026-01-15T08:41:16","guid":{"rendered":"https:\/\/www.europesays.com\/fr\/664923\/"},"modified":"2026-01-15T08:41:16","modified_gmt":"2026-01-15T08:41:16","slug":"tensions-entre-deux-ex-membres-des-one-direction-une-dispute-entre-zayn-et-louis-aurait-degenere-en-confrontation-physique","status":"publish","type":"post","link":"https:\/\/www.europesays.com\/fr\/664923\/","title":{"rendered":"Tensions entre deux ex-membres des One Direction\u00a0: une dispute entre Zayn et Louis aurait d\u00e9g\u00e9n\u00e9r\u00e9 en \u00ab\u00a0confrontation physique\u00a0\u00bb"},"content":{"rendered":"<p class=\"ap-StoryElement ap-StoryElement--mb ap-StoryText\">Les deux ex-membres des One Direction seraient en froid, selon la presse britannique. En effet, comme le rapporte 7sur7, citant une information du Sun, Zayn Malik et Louis Tomlinson travaillaient ensemble durant ces derniers mois, sur une nouvelle s\u00e9rie de voyage, pour Netflix.<\/p>\n<p class=\"ap-StoryElement ap-StoryElement--mb ap-StoryText\">Mais le projet aurait \u00e9t\u00e9 brutalement interrompu, suite \u00e0 un incident entre les deux artistes. Et il ne s&rsquo;agirait pas d&rsquo;une simple altercation verbale, mais bien d&rsquo;une grosse dispute, qui aurait m\u00eame d\u00e9g\u00e9n\u00e9r\u00e9 en \u00ab\u00a0confrontation physiques\u00a0\u00bb, selon les proches des deux jeunes hommes.<\/p>\n","protected":false},"excerpt":{"rendered":"Les deux ex-membres des One Direction seraient en froid, selon la presse britannique. En effet, comme le rapporte&hellip;\n","protected":false},"author":2,"featured_media":664924,"comment_status":"","ping_status":"","sticky":false,"template":"","format":"standard","meta":{"footnotes":""},"categories":[1355],"tags":[28924,58,59,1011,27,43872,1361,873,31487,57261],"class_list":{"0":"post-664923","1":"post","2":"type-post","3":"status-publish","4":"format-standard","5":"has-post-thumbnail","7":"category-musique","8":"tag-dispute","9":"tag-divertissement","10":"tag-entertainment","11":"tag-fr","12":"tag-france","13":"tag-louis-tomlinson","14":"tag-music","15":"tag-musique","16":"tag-one-direction","17":"tag-zayn-malik"},"share_on_mastodon":{"url":"https:\/\/pubeurope.com\/@fr\/115898226051826245","error":""},"_links":{"self":[{"href":"https:\/\/www.europesays.com\/fr\/wp-json\/wp\/v2\/posts\/664923","targetHints":{"allow":["GET"]}}],"collection":[{"href":"https:\/\/www.europesays.com\/fr\/wp-json\/wp\/v2\/posts"}],"about":[{"href":"https:\/\/www.europesays.com\/fr\/wp-json\/wp\/v2\/types\/post"}],"author":[{"embeddable":true,"href":"https:\/\/www.europesays.com\/fr\/wp-json\/wp\/v2\/users\/2"}],"replies":[{"embeddable":true,"href":"https:\/\/www.europesays.com\/fr\/wp-json\/wp\/v2\/comments?post=664923"}],"version-history":[{"count":0,"href":"https:\/\/www.europesays.com\/fr\/wp-json\/wp\/v2\/posts\/664923\/revisions"}],"wp:featuredmedia":[{"embeddable":true,"href":"https:\/\/www.europesays.com\/fr\/wp-json\/wp\/v2\/media\/664924"}],"wp:attachment":[{"href":"https:\/\/www.europesays.com\/fr\/wp-json\/wp\/v2\/media?parent=664923"}],"wp:term":[{"taxonomy":"category","embeddable":true,"href":"https:\/\/www.europesays.com\/fr\/wp-json\/wp\/v2\/categories?post=664923"},{"taxonomy":"post_tag","embeddable":true,"href":"https:\/\/www.europesays.com\/fr\/wp-json\/wp\/v2\/tags?post=664923"}],"curies":[{"name":"wp","href":"https:\/\/api.w.org\/{rel}","templated":true}]}}