{"id":664925,"date":"2026-01-15T08:42:10","date_gmt":"2026-01-15T08:42:10","guid":{"rendered":"https:\/\/www.europesays.com\/fr\/664925\/"},"modified":"2026-01-15T08:42:10","modified_gmt":"2026-01-15T08:42:10","slug":"greenland-migration-la-suite-de-la-saga-ne-convainc-pas","status":"publish","type":"post","link":"https:\/\/www.europesays.com\/fr\/664925\/","title":{"rendered":"\u00ab\u00a0Greenland: migration\u00a0\u00bb\u00a0: la suite de la saga ne convainc pas"},"content":{"rendered":"<p class=\"ap-StoryElement ap-StoryElement--mb ap-StoryText\">Un jour pourtant, l&rsquo;instabilit\u00e9 atmosph\u00e9rique et climatique les pousse \u00e0 d\u00e9serter le bunker et \u00e0 chercher \u00e0 se r\u00e9fugier dans le crat\u00e8re Clarke, situ\u00e9 dans le sud de la France. L&rsquo;endroit semble prot\u00e9g\u00e9 des temp\u00eates de radiation, le mur du crat\u00e8re formant une zone de s\u00e9curit\u00e9 o\u00f9 l&rsquo;air pourrait \u00eatre respirable et l&rsquo;eau potable. Allison (Morena Baccarin) et John (Gerard Butler) d\u00e9cident de tenter leur chance l\u00e0-bas afin d&rsquo;offrir un nouveau d\u00e9part \u00e0 leur famille. Mais le chemin d&rsquo;exode risque d&rsquo;\u00eatre long et p\u00e9rilleux.<\/p>\n<p class=\"ap-StoryElement ap-StoryElement--mb ap-StoryText\">Comme une majorit\u00e9 de films catastrophes, <a href=\"https:\/\/www.lalibre.be\/culture\/cinema\/2020\/07\/29\/greenland-dans-quelques-heures-une-comete-sabattra-sur-la-terre-WSIFXM2REZD5FMHOKYQCR3LHC4\/\" target=\"_blank\" rel=\"noopener noreferrer\">Greenland<\/a> d\u00e9ploie la rh\u00e9torique du p\u00e8re de famille courageux luttant contre les \u00e9l\u00e9ments (seul, ou presque, contre tous) tout en abordant le th\u00e8me plus large de la restauration de l&rsquo;environnement dans l&rsquo;espoir de pouvoir vivre une vie normale et pas uniquement en mobilisant des strat\u00e9gies de survie.<\/p>\n<p class=\"ap-StoryElement ap-StoryElement--mb ap-StoryText\">Le volet \u00ab\u00a0migration\u00a0\u00bb de cette suite semblait porteur de questions humaines profondes, voire existentielles (entraide, solidarit\u00e9, \u00e9quit\u00e9,\u2026) mais il n&rsquo;en est rien. Les questions mat\u00e9rielles soulev\u00e9es par cet exode volontaire sont balay\u00e9es d&rsquo;un revers de la main, ou presque, gr\u00e2ce \u00e0 de multiples coups de chance et rebondissements plus ou moins r\u00e9alistes.<\/p>\n<p class=\"ap-StoryElement ap-StoryElement--mb ap-StoryText\">\u00c0 d\u00e9faut de creuser la psychologie et la personnalit\u00e9 des diff\u00e9rents membres de cette famille recompos\u00e9e, au fil des \u00e9tapes et du temps, le r\u00e9alisateur parie sur le grand spectacle et les d\u00e9cors \u00e0 couper le souffle. Une recette sans doute bien trop r\u00e9chauff\u00e9e, m\u00eame pour ce d\u00e9but d&rsquo;ann\u00e9e.<\/p>\n<p class=\"ap-StoryElement ap-StoryElement--mb ap-StoryText\"><b>Greenland: Migration<\/b>\u2007Humanit\u00e9 en danger\u2007<b>De<\/b>\u2007Ric Roman Waugh\u2007<b>Sc\u00e9nario<\/b>\u2007Chris Sparling, Mitchell LaFortune\u2007<b>Avec<\/b>\u2007Gerard Butler, Morena Baccarin, Roman Griffin Davis\u2007<b>Dur\u00e9e<\/b>\u20071h39<\/p>\n","protected":false},"excerpt":{"rendered":"Un jour pourtant, l&rsquo;instabilit\u00e9 atmosph\u00e9rique et climatique les pousse \u00e0 d\u00e9serter le bunker et \u00e0 chercher \u00e0 se&hellip;\n","protected":false},"author":2,"featured_media":664926,"comment_status":"","ping_status":"","sticky":false,"template":"","format":"standard","meta":{"footnotes":""},"categories":[1354],"tags":[650,58,59,1346,1011,27,1360],"class_list":{"0":"post-664925","1":"post","2":"type-post","3":"status-publish","4":"format-standard","5":"has-post-thumbnail","7":"category-films","8":"tag-cinema","9":"tag-divertissement","10":"tag-entertainment","11":"tag-films","12":"tag-fr","13":"tag-france","14":"tag-movies"},"share_on_mastodon":{"url":"https:\/\/pubeurope.com\/@fr\/115898230161876076","error":""},"_links":{"self":[{"href":"https:\/\/www.europesays.com\/fr\/wp-json\/wp\/v2\/posts\/664925","targetHints":{"allow":["GET"]}}],"collection":[{"href":"https:\/\/www.europesays.com\/fr\/wp-json\/wp\/v2\/posts"}],"about":[{"href":"https:\/\/www.europesays.com\/fr\/wp-json\/wp\/v2\/types\/post"}],"author":[{"embeddable":true,"href":"https:\/\/www.europesays.com\/fr\/wp-json\/wp\/v2\/users\/2"}],"replies":[{"embeddable":true,"href":"https:\/\/www.europesays.com\/fr\/wp-json\/wp\/v2\/comments?post=664925"}],"version-history":[{"count":0,"href":"https:\/\/www.europesays.com\/fr\/wp-json\/wp\/v2\/posts\/664925\/revisions"}],"wp:featuredmedia":[{"embeddable":true,"href":"https:\/\/www.europesays.com\/fr\/wp-json\/wp\/v2\/media\/664926"}],"wp:attachment":[{"href":"https:\/\/www.europesays.com\/fr\/wp-json\/wp\/v2\/media?parent=664925"}],"wp:term":[{"taxonomy":"category","embeddable":true,"href":"https:\/\/www.europesays.com\/fr\/wp-json\/wp\/v2\/categories?post=664925"},{"taxonomy":"post_tag","embeddable":true,"href":"https:\/\/www.europesays.com\/fr\/wp-json\/wp\/v2\/tags?post=664925"}],"curies":[{"name":"wp","href":"https:\/\/api.w.org\/{rel}","templated":true}]}}