{"id":664931,"date":"2026-01-15T08:45:11","date_gmt":"2026-01-15T08:45:11","guid":{"rendered":"https:\/\/www.europesays.com\/fr\/664931\/"},"modified":"2026-01-15T08:45:11","modified_gmt":"2026-01-15T08:45:11","slug":"une-barbie-autiste-creee-par-mattel-choquee-une-association-porte-plainte-dautres-approuvent-pourquoi-le-jouet-fait-polemique","status":"publish","type":"post","link":"https:\/\/www.europesays.com\/fr\/664931\/","title":{"rendered":"Une Barbie autiste cr\u00e9\u00e9e par Mattel\u00a0: \u00ab\u00a0choqu\u00e9e\u00a0\u00bb, une association porte plainte, d&rsquo;autres approuvent&#8230; pourquoi le jouet fait pol\u00e9mique"},"content":{"rendered":"<p>\n                                                                    l&rsquo;essentiel<br \/>\n                                                                La nouvelle poup\u00e9e Barbie de Mattel, repr\u00e9sentant une personne autiste, suscite des r\u00e9actions contrast\u00e9es. Con\u00e7ue avec des associations, elle vise \u00e0 refl\u00e9ter la neurodiversit\u00e9. Pourtant, certaines critiques d\u00e9noncent une approche marketing simpliste.\n                            <\/p>\n<p>Le 12\u00a0janvier 2026, le g\u00e9ant du jouet Mattel a annonc\u00e9 la mise en vente d\u2019<a href=\"https:\/\/www.ladepeche.fr\/2023\/10\/12\/barbie-la-nouvelle-amie-reconfortante-des-adultes-11514107.php\" target=\"_self\" rel=\"noopener\">une nouvelle poup\u00e9e Barbie <\/a>cens\u00e9e repr\u00e9senter une personne atteinte de troubles du spectre autistique. Cette nouveaut\u00e9 s\u2019inscrit dans la strat\u00e9gie plus large de la marque am\u00e9ricaine visant \u00e0 \u00e9largir la diversit\u00e9 de ses mod\u00e8les, apr\u00e8s des poup\u00e9es repr\u00e9sentant notamment des personnes aveugles, atteintes de diab\u00e8te, de vitiligo ou de trisomie 21.<\/p>\n<blockquote data-instgrm-captioned=\"\" data-instgrm-permalink=\"https:\/\/www.instagram.com\/p\/DTatnewDu1i\/?utm_source=ig_embed&amp;utm_campaign=loading\" data-instgrm-version=\"14\" style=\" background:#FFF; border:0; border-radius:3px; box-shadow:0 0 1px 0 rgba(0,0,0,0.5),0 1px 10px 0 rgba(0,0,0,0.15); margin: 1px; max-width:540px; min-width:326px; padding:0; width:99.375%; width:-webkit-calc(100% - 2px); width:calc(100% - 2px);\" data-class=\"instagram-media\"\/>\n<p>Malgr\u00e9 un travail men\u00e9 en collaboration avec une association luttant pour une meilleure repr\u00e9sentation des personnes autistes dans les m\u00e9dias, cette nouvelle poup\u00e9e Barbie n\u2019a pas fait l\u2019unanimit\u00e9. \u00c0 commencer par l\u2019association SOS Autisme France, qui a annonc\u00e9 vouloir porter\u00a0plainte contre Mattel. D\u00e9cryptons cette affaire.<\/p>\n<p>Un travail de co-cr\u00e9ation mais une repr\u00e9sentation discut\u00e9e<\/p>\n<p>Mattel assure avoir con\u00e7u ce mod\u00e8le en collaboration avec le\u00a0R\u00e9seau d\u2019auto-repr\u00e9sentation des personnes autistes (Autistic Self Advocacy Network) apr\u00e8s 18 mois de concertation afin de refl\u00e9ter certains aspects de leurs exp\u00e9riences du monde. La poup\u00e9e pr\u00e9sente des articulations aux coudes et poignets permettant des mouvements r\u00e9p\u00e9t\u00e9s, un regard l\u00e9g\u00e8rement d\u00e9tourn\u00e9 \u00ab\u00a0pour repr\u00e9senter la fa\u00e7on dont certaines personnes autistes \u00e9vitent parfois le contact visuel direct\u00a0\u00bb, \u00e9crit dans un communiqu\u00e9 du g\u00e9ant du jouet. La Barbie\u00a0est en outre livr\u00e9e avec des accessoires tels qu\u2019un casque antibruit, un fidget-spinner et une tablette de communication.<\/p>\n<p>Selon Mattel, le but est d\u2019offrir une repr\u00e9sentation visible de la neurodiversit\u00e9, permettant aux enfants autistes de se reconna\u00eetre et aux autres de mieux comprendre leurs modes d\u2019interaction sensorielles et communicationnelles.<\/p>\n<p class=\"std-elt__inline\">\n        <strong>\u00c0 lire aussi :<\/strong><br \/>\n        <a href=\"https:\/\/www.ladepeche.fr\/2025\/07\/09\/barbie-malade-du-diabete-mattel-va-commercialiser-une-toute-nouvelle-poupee-12815295.php\" target=\"_blank\" rel=\"noopener\">Barbie diab\u00e9tique\u00a0: Mattel va commercialiser une toute nouvelle poup\u00e9e<\/a>\n    <\/p>\n<p>Des r\u00e9actions tr\u00e8s contrast\u00e9es<\/p>\n<p>La r\u00e9action est loin de faire l\u2019unanimit\u00e9. \u00ab\u00a0J\u2019ai \u00e9t\u00e9 extr\u00eamement choqu\u00e9e par \u00e7a, c\u2019est quand m\u00eame un trouble qui est s\u00e9rieux\u00a0\u00bb, a r\u00e9agi aupr\u00e8s de France Info, mardi 13\u00a0janvier, la pr\u00e9sidente de l\u2019association SOS Autisme, Olivia Cattan, qui accuse la marque de \u00ab\u00a0r\u00e9duire compl\u00e8tement ce syndrome en quelque chose de marketing\u00a0\u00bb.<\/p>\n<p>Interrog\u00e9e par <a href=\"https:\/\/www.liberation.fr\/societe\/sante\/le-geant-du-jouet-mattel-lance-une-barbie-autiste-ce-syndrome-est-reduit-en-quelque-chose-de-marketing-20260113_GU6WRYF65RAW3LYGNR6AWH6OVA\/\" target=\"_self\" rel=\"noopener\">Lib\u00e9ration<\/a>, Sandrine Soni\u00e9, p\u00e9dopsychiatre et coordinatrice du Centre ressources autisme Rh\u00f4ne-Alpes, cette initiative constitue \u00ab\u00a0un premier pas vers la reconnaissance des personnes autistes comme faisant partie de notre soci\u00e9t\u00e9\u00a0\u00bb. Elle regrette toutefois que la poup\u00e9e renvoie \u00ab\u00a0la forme la plus st\u00e9r\u00e9otyp\u00e9e de l\u2019autisme\u00a0\u00bb. Un avis partag\u00e9 par Andr\u00e9 Massin, pr\u00e9sident de l\u2019association AFG Autisme\u00a0: \u00ab\u00a0L\u2019autisme est un mode de fonctionnement et on ne peut pas le deviner dans une poup\u00e9e.\u00a0\u00bb<\/p>\n<p class=\"std-elt__inline\">\n        <strong>\u00c0 lire aussi :<\/strong><br \/>\n        <a href=\"https:\/\/www.ladepeche.fr\/2024\/05\/17\/portrait-florine-vanderstraeten-face-a-lautisme-un-combat-de-tous-les-jours-11947805.php\" target=\"_blank\" rel=\"noopener\">PORTRAIT. Florine Vanderstraeten face \u00e0 l\u2019autisme, \u00ab\u00a0un combat de tous les jours\u00a0\u00bb<\/a>\n    <\/p>\n<p>\u00ab\u00a0En tant qu\u2019autiste, je trouve l\u2019initiative trop cool\u00a0\u00bb<\/p>\n<p>Pour d\u2019autres, en revanche, la Barbie repr\u00e9sente justement la diversit\u00e9 neurologique, avec des gadgets r\u00e9ellement utilis\u00e9s par certaines personnes autistes. \u00ab\u00a0Je suis autiste et cette poup\u00e9e, \u00e0 la diff\u00e9rence de la tablette, c\u2019est litt\u00e9ralement moi. [\u2026] Si pour vous toute personne autiste [\u2026] qui a besoin d\u2019aide et qui est visiblement handicap\u00e9e avec des aides est un st\u00e9r\u00e9otype, rendez-vous compte du validisme de votre pens\u00e9e\u00a0\u00bb, d\u00e9clare une internaute en commentaire d\u2019une interview r\u00e9alis\u00e9e par M6.<\/p>\n<p>\u00ab\u00a0En tant qu\u2019autiste je trouve l\u2019initiative trop cool. C\u2019est compliqu\u00e9 de repr\u00e9senter un handicap invisible donc oui \u00e7a ne repr\u00e9sente pas tous les types d\u2019autisme mais c\u2019est super d\u2019avoir cette repr\u00e9sentation\u00a0\u00bb, commente une autre personne. Une pens\u00e9e qui semble aller \u00e0 contre-courant d\u2019une majorit\u00e9 d\u2019associations, \u0153uvrant pourtant pour le m\u00eame combat.<\/p>\n<p class=\"std-elt__inline\">\n        <strong>\u00c0 lire aussi :<\/strong><br \/>\n        <a href=\"https:\/\/www.ladepeche.fr\/2025\/04\/15\/lautisme-nest-pas-une-maladie-le-cri-du-coeur-de-la-presidente-de-lassociation-autisme-cri-46-fondee-il-y-a-20-ans-dans-le-lot-12638419.php\" target=\"_blank\" rel=\"noopener\">\u00ab\u00a0L\u2019autisme n\u2019est pas une maladie\u00a0\u00bb, le cri du c\u0153ur de la pr\u00e9sidente de l\u2019association Autisme CRI 46 fond\u00e9e il y a 20 ans dans le Lot<\/a>\n    <\/p>\n<p>Au-del\u00e0 des critiques, ces poup\u00e9es peuvent-elles malgr\u00e9 tout jouer un r\u00f4le positif aupr\u00e8s des enfants\u00a0? Pour la psychologue Marielle Lesecq, elles permettent avant tout de rendre visible un handicap qui ne l\u2019est pas toujours. \u00ab\u00a0\u00c7a donne une image, \u00e7a visibilise finalement un handicap invisible. Je pense que ce qui va \u00eatre aussi int\u00e9ressant, c\u2019est de faire de la sensibilisation autour de l\u2019autisme\u00a0\u00bb, souligne-t-elle aupr\u00e8s de <a href=\"https:\/\/www.tf1info.fr\/societe\/tres-stigmatisant-l-association-sos-autisme-choquee-par-la-nouvelle-poupee-barbie-2418472.html\" target=\"_self\" rel=\"noopener\">TF1<\/a>.\u00a0En France, 700\u00a0000 personnes sont atteintes d\u2019autisme selon la Haute Autorit\u00e9 de Sant\u00e9.<\/p>\n<p>                                                                                                                                                                                                        <script async src=\"\/\/www.instagram.com\/embed.js\"><\/script><\/p>\n","protected":false},"excerpt":{"rendered":"l&rsquo;essentiel La nouvelle poup\u00e9e Barbie de Mattel, repr\u00e9sentant une personne autiste, suscite des r\u00e9actions contrast\u00e9es. Con\u00e7ue avec des&hellip;\n","protected":false},"author":2,"featured_media":664932,"comment_status":"","ping_status":"","sticky":false,"template":"","format":"standard","meta":{"footnotes":""},"categories":[8],"tags":[58,59,1011,27,329,1943,1857],"class_list":{"0":"post-664931","1":"post","2":"type-post","3":"status-publish","4":"format-standard","5":"has-post-thumbnail","7":"category-divertissement","8":"tag-divertissement","9":"tag-entertainment","10":"tag-fr","11":"tag-france","12":"tag-france-monde","13":"tag-handicap","14":"tag-sociu00e9tu00e9"},"share_on_mastodon":{"url":"https:\/\/pubeurope.com\/@fr\/115898241984856302","error":""},"_links":{"self":[{"href":"https:\/\/www.europesays.com\/fr\/wp-json\/wp\/v2\/posts\/664931","targetHints":{"allow":["GET"]}}],"collection":[{"href":"https:\/\/www.europesays.com\/fr\/wp-json\/wp\/v2\/posts"}],"about":[{"href":"https:\/\/www.europesays.com\/fr\/wp-json\/wp\/v2\/types\/post"}],"author":[{"embeddable":true,"href":"https:\/\/www.europesays.com\/fr\/wp-json\/wp\/v2\/users\/2"}],"replies":[{"embeddable":true,"href":"https:\/\/www.europesays.com\/fr\/wp-json\/wp\/v2\/comments?post=664931"}],"version-history":[{"count":0,"href":"https:\/\/www.europesays.com\/fr\/wp-json\/wp\/v2\/posts\/664931\/revisions"}],"wp:featuredmedia":[{"embeddable":true,"href":"https:\/\/www.europesays.com\/fr\/wp-json\/wp\/v2\/media\/664932"}],"wp:attachment":[{"href":"https:\/\/www.europesays.com\/fr\/wp-json\/wp\/v2\/media?parent=664931"}],"wp:term":[{"taxonomy":"category","embeddable":true,"href":"https:\/\/www.europesays.com\/fr\/wp-json\/wp\/v2\/categories?post=664931"},{"taxonomy":"post_tag","embeddable":true,"href":"https:\/\/www.europesays.com\/fr\/wp-json\/wp\/v2\/tags?post=664931"}],"curies":[{"name":"wp","href":"https:\/\/api.w.org\/{rel}","templated":true}]}}