{"id":664933,"date":"2026-01-15T08:46:10","date_gmt":"2026-01-15T08:46:10","guid":{"rendered":"https:\/\/www.europesays.com\/fr\/664933\/"},"modified":"2026-01-15T08:46:10","modified_gmt":"2026-01-15T08:46:10","slug":"quatre-astronautes-en-route-pour-la-terre-apres-avoir-leur-evacuation-pour-un-probleme-medical","status":"publish","type":"post","link":"https:\/\/www.europesays.com\/fr\/664933\/","title":{"rendered":"Quatre astronautes en route pour la Terre apr\u00e8s avoir leur \u00e9vacuation pour un probl\u00e8me m\u00e9dical"},"content":{"rendered":"<p>C\u2019est un cas in\u00e9dit dans l\u2019histoire de la <a href=\"https:\/\/www.20minutes.fr\/sciences\/iss\/\" class=\"c-link c-link--is-underlined\" target=\"_blank\" rel=\"noopener\">Station spatiale internationale<\/a>. En raison d\u2019un \u00ab\u00a0risque persistant\u00a0\u00bb et de \u00ab\u00a0l\u2019incertitude quant au diagnostic\u00a0\u00bb concernant l\u2019un des membres de l\u2019\u00e9quipage, la <a href=\"https:\/\/www.20minutes.fr\/sciences\/nasa\/\" class=\"c-link c-link--is-underlined\" target=\"_blank\" rel=\"noopener\">Nasa <\/a>a d\u00e9cid\u00e9 de faire rentrer pr\u00e9matur\u00e9ment sur Terre quatre <a href=\"https:\/\/www.20minutes.fr\/dossier\/astronaute\" class=\"c-link c-link--is-underlined\" target=\"_blank\" rel=\"noopener\">astronautes <\/a>de la mission Crew-11. Les Am\u00e9ricains Mike Fincke et Zena Cardman, le Russe Oleg Platonov et le Japonais Kimiya Yui voyagent \u00e0 bord d\u2019une capsule Dragon de l\u2019entreprise <a href=\"https:\/\/www.20minutes.fr\/dossier\/spacex\" class=\"c-link c-link--is-underlined\" target=\"_blank\" rel=\"noopener\">SpaceX<\/a> d\u2019Elon Musk.<\/p>\n<p>Ils doivent amerrir au large de la Californie vers 9h40, heure fran\u00e7aise. <a href=\"https:\/\/www.20minutes.fr\/faits_divers\/4195122-20260109-malaise-espace-premiere-fois-equipage-iss-va-etre-evacue-raisons-medicales\" class=\"c-link c-link--is-underlined\" target=\"_blank\" rel=\"noopener\">Les quatre astronautes faisaient partie de la mission Crew-11 <\/a>et avaient rejoint la Station spatiale internationale en ao\u00fbt. Ils devaient initialement rester \u00e0 bord jusqu\u2019\u00e0 une prochaine rotation d\u2019\u00e9quipage pr\u00e9vue pour mi-f\u00e9vrier. Mais la Nasa a annonc\u00e9 la semaine derni\u00e8re leur retour anticip\u00e9 en raison d\u2019un probl\u00e8me de sant\u00e9 affectant l\u2019un des astronautes.<\/p>\n<\/p>\n<p>De meilleurs outils de diagnostics sur Terre<\/p>\n<p>Le m\u00e9decin-chef de la Nasa, James Polk, a pr\u00e9cis\u00e9 qu\u2019il ne s\u2019agissait pas d\u2019une \u00e9vacuation d\u2019urgence. L\u2019agence spatiale am\u00e9ricaine n\u2019a communiqu\u00e9 ni sur la nature du probl\u00e8me m\u00e9dical, ni sur l\u2019identit\u00e9 de l\u2019astronaute concern\u00e9. Peu avant le d\u00e9part de la capsule mercredi, Rob Navias, un responsable de la Nasa, a assur\u00e9 que \u00ab\u00a0le membre de l\u2019\u00e9quipage \u00e9tait et reste dans un \u00e9tat stable\u00a0\u00bb. La Station spatiale internationale \u00e9volue \u00e0 environ 400 kilom\u00e8tres d\u2019altitude autour de la Terre, ce qui limite les capacit\u00e9s de diagnostic m\u00e9dical avanc\u00e9.<\/p>\n<p>Le pilote de la mission, Mike Fincke, a tenu \u00e0 rassurer dans un message publi\u00e9 cette semaine sur le r\u00e9seau social LinkedIn. \u00ab\u00a0Nous allons tous bien\u00a0\u00bb, a-t-il \u00e9crit. \u00ab\u00a0Il s\u2019agit d\u2019une d\u00e9cision m\u00fbrement r\u00e9fl\u00e9chie et qui vise \u00e0 permettre la r\u00e9alisation d\u2019examens m\u00e9dicaux appropri\u00e9s au sol, o\u00f9 toutes les capacit\u00e9s diagnostiques sont disponibles. C\u2019est la bonne d\u00e9cision\u00a0\u00bb, a-t-il ajout\u00e9. La Nasa rappelle que ses \u00e9quipages sont sp\u00e9cifiquement form\u00e9s pour faire face \u00e0 des situations impr\u00e9vues. L\u2019\u00e9quipage \u00e9vacu\u00e9 avait notamment \u00e9t\u00e9 pr\u00e9par\u00e9 \u00e0 \u00ab\u00a0g\u00e9rer des situations m\u00e9dicales impr\u00e9vues\u00a0\u00bb, a soulign\u00e9 un haut responsable de l\u2019agence, Amit Kshatriya.<\/p>\n<p>De nombreuses \u00e9tudes scientifiques<\/p>\n<p>Pour l\u2019heure, la Station spatiale internationale reste occup\u00e9e par trois personnes\u00a0: un Am\u00e9ricain et deux Russes arriv\u00e9s en novembre \u00e0 bord d\u2019un vaisseau <a href=\"https:\/\/www.20minutes.fr\/dossier\/soyouz\" class=\"c-link c-link--is-underlined\" target=\"_blank\" rel=\"noopener\">Soyouz<\/a>. La prochaine mission de rotation, Crew-12, pourrait \u00eatre avanc\u00e9e, a indiqu\u00e9 la Nasa.<\/p>\n<p>Durant leur s\u00e9jour, les astronautes de Crew-11 devaient mener de nombreuses exp\u00e9riences scientifiques, allant de l\u2019\u00e9tude de la division cellulaire des plantes \u00e0 des travaux sur les cellules souches humaines. Ils participaient \u00e9galement \u00e0 des simulations de sc\u00e9narios d\u2019alunissage dans le cadre du programme Artemis de la Nasa, qui pr\u00e9voit le retour des Am\u00e9ricains sur la Lune.<\/p>\n","protected":false},"excerpt":{"rendered":"C\u2019est un cas in\u00e9dit dans l\u2019histoire de la Station spatiale internationale. En raison d\u2019un \u00ab\u00a0risque persistant\u00a0\u00bb et de&hellip;\n","protected":false},"author":2,"featured_media":664934,"comment_status":"","ping_status":"","sticky":false,"template":"","format":"standard","meta":{"footnotes":""},"categories":[7],"tags":[386,1011,27,142,5340,333,71,43,40,41,39,42,44],"class_list":{"0":"post-664933","1":"post","2":"type-post","3":"status-publish","4":"format-standard","5":"has-post-thumbnail","7":"category-sciences-et-technologies","8":"tag-espace","9":"tag-fr","10":"tag-france","11":"tag-high-tech","12":"tag-iss","13":"tag-nasa","14":"tag-sante","15":"tag-science","16":"tag-science-and-technology","17":"tag-sciences","18":"tag-sciences-et-technologies","19":"tag-technologies","20":"tag-technology"},"share_on_mastodon":{"url":"https:\/\/pubeurope.com\/@fr\/115898245743012113","error":""},"_links":{"self":[{"href":"https:\/\/www.europesays.com\/fr\/wp-json\/wp\/v2\/posts\/664933","targetHints":{"allow":["GET"]}}],"collection":[{"href":"https:\/\/www.europesays.com\/fr\/wp-json\/wp\/v2\/posts"}],"about":[{"href":"https:\/\/www.europesays.com\/fr\/wp-json\/wp\/v2\/types\/post"}],"author":[{"embeddable":true,"href":"https:\/\/www.europesays.com\/fr\/wp-json\/wp\/v2\/users\/2"}],"replies":[{"embeddable":true,"href":"https:\/\/www.europesays.com\/fr\/wp-json\/wp\/v2\/comments?post=664933"}],"version-history":[{"count":0,"href":"https:\/\/www.europesays.com\/fr\/wp-json\/wp\/v2\/posts\/664933\/revisions"}],"wp:featuredmedia":[{"embeddable":true,"href":"https:\/\/www.europesays.com\/fr\/wp-json\/wp\/v2\/media\/664934"}],"wp:attachment":[{"href":"https:\/\/www.europesays.com\/fr\/wp-json\/wp\/v2\/media?parent=664933"}],"wp:term":[{"taxonomy":"category","embeddable":true,"href":"https:\/\/www.europesays.com\/fr\/wp-json\/wp\/v2\/categories?post=664933"},{"taxonomy":"post_tag","embeddable":true,"href":"https:\/\/www.europesays.com\/fr\/wp-json\/wp\/v2\/tags?post=664933"}],"curies":[{"name":"wp","href":"https:\/\/api.w.org\/{rel}","templated":true}]}}