{"id":664935,"date":"2026-01-15T08:47:11","date_gmt":"2026-01-15T08:47:11","guid":{"rendered":"https:\/\/www.europesays.com\/fr\/664935\/"},"modified":"2026-01-15T08:47:11","modified_gmt":"2026-01-15T08:47:11","slug":"les-valeurs-a-suivre-a-paris-et-en-europe-boursorama-4","status":"publish","type":"post","link":"https:\/\/www.europesays.com\/fr\/664935\/","title":{"rendered":"Les valeurs \u00e0 suivre \u00e0 Paris et en Europe &#8211; Boursorama"},"content":{"rendered":"<ol>\n<li><a href=\"https:\/\/news.google.com\/rss\/articles\/CBMiuwFBVV95cUxNRVp3dFhzUnE0ZTRFS2JEQkhONS1LenZnVUFvcTdja25CdjZnZVRtX0FDbmJHVUp5bHprdXJMdkQtQzY1SGFuNWtjZTRHaUVOaHdTak5RdjVaYmVhS3E4U05uUlRVeFMtV191cl84VGVqNlV3TTc5LWNBZ3NPSWZpR0NDdnY1U0tzR29meUFBT3hDWmF2NFpPRWxfMFNSSjZ4OF9LR2E1Ym9LNFg2VGJpRUN3MUVOWi1FRXF30gHAAUFVX3lxTFB0RWotcjFZMjdrUWowd3pwRXh3bGNmZms3alpSak5ual9qWl9JZXYzNmlleEkycHF4UzQ1NUNaWi1XZzdqQ1V2cE8zUnY3T2FubEQwTFNTb0gyck5CZTNXTkRnb0xnbHllY0FaOTdxLTFnY0NvcTVqXzdBMi16YXozMlZ3M3NPRllpY1VUaTI0bmNQZnlxYVMzTEZhZHhxWFVKdl9QdmRWUGVoZ2pRT3JyM2liejJjcXJpVzhSaWJNdw?oc=5\" target=\"_blank\" rel=\"noopener\">Les valeurs \u00e0 suivre \u00e0 Paris et en Europe<\/a>&nbsp;&nbsp;Boursorama<\/li>\n<li><a href=\"https:\/\/news.google.com\/rss\/articles\/CBMitgFBVV95cUxPLWtFLTVvY3lHOU43SkJhRE0teXJpeFF4SmRSaHV6aFZCWGJrbzVyNklBLXJYVGFFRVZJajN5M2RsdnpXR0lMOWtoU3BiYXVuVERPR1VZR29aZW1kNXg1RUlKcWFjdHp0WGwtb2FMR3NnNE5ZY2t4OGp0MElDaFRUclByUFlpNUNnRDRZZy1pY0tiV25HMGdKTmR4VGVrZzJ6cmF1T2VXMjJKZUpxRl9wbk1yVktKQQ?oc=5\" target=\"_blank\" rel=\"noopener\">Actions fran\u00e7aises et du Benelux : facteurs \u00e0 surveiller<\/a>&nbsp;&nbsp;Zonebourse<\/li>\n<li><a href=\"https:\/\/news.google.com\/rss\/articles\/CBMiggJBVV95cUxNNVpua1NKSXoxaXM5YXZwemZFOGxxaEMtbldiSUcwMURqSUZYQzBRbzlmZ1FVa0FTUXdzbjNpUUNtLXliVHNQZ1NIVDU0QmVobjNFZ3NEUFlZSDZQMU8yODFRcEh3NWhtWHJuS3hCNUQ0b2I1Tm1TVnZ6T1ZpYUJPR0NiX2plYkQ2TWFLOUlFNmF6UUttREZpYXJkemhpdGJGNWstU3RuSU1Bdkw0OVJheGJGc2tSRnl6b1c4NkdwYVlTV1NuQmVNcEJqTnNxWDI1QVR6QUJyTW1JQ2ZEWU9LZWZkMkVFWUk2dDY3RVp2b2pLRG1sSnVBY19qYzJaTWlDMXc?oc=5\" target=\"_blank\" rel=\"noopener\">L&rsquo;AEX d&rsquo;Amsterdam atteint le record historique de 1.000 points, port\u00e9 par ses semi-conducteurs<\/a>&nbsp;&nbsp;L&rsquo;Echo<\/li>\n<li><a href=\"https:\/\/news.google.com\/rss\/articles\/CBMiakFVX3lxTE83bDFtRTEyNThTTlRxUjJ1Y2tnUG5veWVRcmM1ekU3ZXhLVnpWZUxzeG9UVnFGMGpDeVlZWV81UUJXM01FZTJHVFczR3NIVFVCZnVXQkRZbnl6OXNiTDhUdlNEVkpjYm04dVE?oc=5\" target=\"_blank\" rel=\"noopener\">Bilan contrast\u00e9 des actions fran\u00e7aises en fin d&rsquo;ann\u00e9e<\/a>&nbsp;&nbsp;economiesetcie.com<\/li>\n<li><a href=\"https:\/\/news.google.com\/rss\/articles\/CBMi0AFBVV95cUxOaWQ5MW41Sndud21lZjRaQVg4U1lnUEdKRm5pbFpwTE5GeUE2Ri1SNHBBTDVRdWpDOWsteHgwdE5FbDNzWEF0QU1mdHZfdWNzcXlBOERmMDd6UFkzTEdHT2cxcG1xOTdXVkdyTzNxamRtTVBNTTFVcVI0d2FBVEJzTllPdXdDbmFXOGNOLVk1cWNLcmJVM0NmeTZHamNDdjV1TDRGcTRMMENldGl5ZFIzWXQ1cE90VkNCNW45T29xUWEyeFF0XzRvbEQyZnJuREpl?oc=5\" target=\"_blank\" rel=\"noopener\">Tendances boursi\u00e8res \u00e0 ne pas rater \u00e0 Paris et en Europe : Ce qui va fa\u00e7onner l&rsquo;avenir financier<\/a>&nbsp;&nbsp;pointsud.ca<\/li>\n<\/ol>\n","protected":false},"excerpt":{"rendered":"Les valeurs \u00e0 suivre \u00e0 Paris et en Europe&nbsp;&nbsp;Boursorama Actions fran\u00e7aises et du Benelux : facteurs \u00e0 surveiller&nbsp;&nbsp;Zonebourse&hellip;\n","protected":false},"author":2,"featured_media":607076,"comment_status":"","ping_status":"","sticky":false,"template":"","format":"standard","meta":{"footnotes":""},"categories":[6],"tags":[400,398,408,35,405,33,34,1011,27,403,402,399,404,401,406,407],"class_list":{"0":"post-664935","1":"post","2":"type-post","3":"status-publish","4":"format-standard","5":"has-post-thumbnail","7":"category-economie","8":"tag-action-cac-40","9":"tag-bourse-de-paris","10":"tag-boursorama","11":"tag-business","12":"tag-cotations","13":"tag-economie","14":"tag-economy","15":"tag-fr","16":"tag-france","17":"tag-indices-devises","18":"tag-investir","19":"tag-investissement","20":"tag-marche-boursier","21":"tag-sicav","22":"tag-trackers","23":"tag-warrants"},"share_on_mastodon":{"url":"https:\/\/pubeurope.com\/@fr\/115898249746063276","error":""},"_links":{"self":[{"href":"https:\/\/www.europesays.com\/fr\/wp-json\/wp\/v2\/posts\/664935","targetHints":{"allow":["GET"]}}],"collection":[{"href":"https:\/\/www.europesays.com\/fr\/wp-json\/wp\/v2\/posts"}],"about":[{"href":"https:\/\/www.europesays.com\/fr\/wp-json\/wp\/v2\/types\/post"}],"author":[{"embeddable":true,"href":"https:\/\/www.europesays.com\/fr\/wp-json\/wp\/v2\/users\/2"}],"replies":[{"embeddable":true,"href":"https:\/\/www.europesays.com\/fr\/wp-json\/wp\/v2\/comments?post=664935"}],"version-history":[{"count":0,"href":"https:\/\/www.europesays.com\/fr\/wp-json\/wp\/v2\/posts\/664935\/revisions"}],"wp:featuredmedia":[{"embeddable":true,"href":"https:\/\/www.europesays.com\/fr\/wp-json\/wp\/v2\/media\/607076"}],"wp:attachment":[{"href":"https:\/\/www.europesays.com\/fr\/wp-json\/wp\/v2\/media?parent=664935"}],"wp:term":[{"taxonomy":"category","embeddable":true,"href":"https:\/\/www.europesays.com\/fr\/wp-json\/wp\/v2\/categories?post=664935"},{"taxonomy":"post_tag","embeddable":true,"href":"https:\/\/www.europesays.com\/fr\/wp-json\/wp\/v2\/tags?post=664935"}],"curies":[{"name":"wp","href":"https:\/\/api.w.org\/{rel}","templated":true}]}}