{"id":664944,"date":"2026-01-15T08:53:16","date_gmt":"2026-01-15T08:53:16","guid":{"rendered":"https:\/\/www.europesays.com\/fr\/664944\/"},"modified":"2026-01-15T08:53:16","modified_gmt":"2026-01-15T08:53:16","slug":"saint-etienne-de-tulmont-le-club-des-aines-repart-fort","status":"publish","type":"post","link":"https:\/\/www.europesays.com\/fr\/664944\/","title":{"rendered":"Saint-\u00c9tienne-de-Tulmont. Le Club des a\u00een\u00e9s repart fort"},"content":{"rendered":"<p>L\u2019assembl\u00e9e g\u00e9n\u00e9rale du Club des a\u00een\u00e9s st\u00e9phanois s\u2019est tenue dans la salle des f\u00eates, en pr\u00e9sence du maire \u00c9ric Massip. La r\u00e9union a d\u00e9but\u00e9 par le renouvellement des cartes d\u2019adh\u00e9sion, confirmant la bonne sant\u00e9 de l\u2019association, qui comptait 236 adh\u00e9rents \u00e0 la cl\u00f4ture de l\u2019exercice 2025.<\/p>\n<p>Avant l\u2019ouverture des travaux, la pr\u00e9sidente Josiane Guiral a tenu \u00e0 avoir une pens\u00e9e \u00e9mue pour les amis disparus au cours des derniers mois. Elle a ensuite souhait\u00e9 la bienvenue aux nouveaux inscrits, rappelant que le club \u00e9tait avant tout un lieu de partage, de convivialit\u00e9 et de participation dans un esprit familial et fid\u00e8le \u00e0 la vie de village. La pr\u00e9sidente a soulign\u00e9 que si la majorit\u00e9 des adh\u00e9rents \u00e9tait aujourd\u2019hui connect\u00e9e, une cinquantaine de membres restait \u00e0 informer par des moyens plus traditionnels. Tous sont invit\u00e9s \u00e0 rejoindre le monde num\u00e9rique, sans pour autant \u00eatre laiss\u00e9s de c\u00f4t\u00e9 par l\u2019association. Marie-Th\u00e9r\u00e8se Py, tr\u00e9sori\u00e8re, a pr\u00e9sent\u00e9 un rapport financier positif, faisant \u00e9tat de soldes cr\u00e9diteurs. La cotisation annuelle a \u00e9t\u00e9 fix\u00e9e \u00e0 15 \u20ac par personne, tandis que l\u2019entr\u00e9e au th\u00e9-dansant sera de 10 \u20ac, go\u00fbter compris.<\/p>\n<p>Grand loto annuel le 25 janvier<\/p>\n<p>La municipalit\u00e9 a \u00e9t\u00e9 remerci\u00e9e pour ses soutiens financier et mat\u00e9riel. Le club a notamment renouvel\u00e9 ses cartons de loto et investi dans un boulier avec soufflerie. Le programme 2026 s\u2019annonce riche : jeux de cartes tous les lundis, au local, y compris pendant les vacances scolaires ; petit loto les premier et troisi\u00e8me mardis de chaque mois ; marche tous les vendredis matin, avec d\u00e9part \u00e0 9 heures ; th\u00e9-dansant mensuel dans la salle des f\u00eates. Le grand loto annuel aura lieu dimanche 25 janvier. Sont \u00e9galement pr\u00e9vus un repas \u00e0 th\u00e8me en mars, une sortie \u00e0 la journ\u00e9e en mai, un voyage de quatre jours au Puy du Fou et un repas de fin de saison en juin et un s\u00e9jour de dix jours au Maroc \u00e0 l\u2019automne. Le bureau, compos\u00e9 de 16 b\u00e9n\u00e9voles, a reconduit les 6 membres sortants.<\/p>\n<p>Prochain rendez-vous, le th\u00e9-dansant qui aura lieu jeudi 22 janvier \u00e0 14 h 3, dans la salle des f\u00eates, anim\u00e9 par l\u2019orchestre Serge Vergnes. Entr\u00e9e : 10 \u20ac, go\u00fbter compris. R\u00e9servations au 06 50 07 96 95.<\/p>\n","protected":false},"excerpt":{"rendered":"L\u2019assembl\u00e9e g\u00e9n\u00e9rale du Club des a\u00een\u00e9s st\u00e9phanois s\u2019est tenue dans la salle des f\u00eates, en pr\u00e9sence du maire&hellip;\n","protected":false},"author":2,"featured_media":664945,"comment_status":"","ping_status":"","sticky":false,"template":"","format":"standard","meta":{"footnotes":""},"categories":[9653],"tags":[1111,11,4733,2430,1777,674,1011,27,329,12,25,4001,70725,1857,36586],"class_list":{"0":"post-664944","1":"post","2":"type-post","3":"status-publish","4":"format-standard","5":"has-post-thumbnail","7":"category-saint-etienne","8":"tag-actu","9":"tag-actualites","10":"tag-associations","11":"tag-auvergne-rhone-alpes","12":"tag-eu","13":"tag-europe","14":"tag-fr","15":"tag-france","16":"tag-france-monde","17":"tag-news","18":"tag-republique-francaise","19":"tag-saint-etienne","20":"tag-saintetiennedetulmont","21":"tag-sociu00e9tu00e9","22":"tag-tarn-et-garonne"},"share_on_mastodon":{"url":"https:\/\/pubeurope.com\/@fr\/115898273368340718","error":""},"_links":{"self":[{"href":"https:\/\/www.europesays.com\/fr\/wp-json\/wp\/v2\/posts\/664944","targetHints":{"allow":["GET"]}}],"collection":[{"href":"https:\/\/www.europesays.com\/fr\/wp-json\/wp\/v2\/posts"}],"about":[{"href":"https:\/\/www.europesays.com\/fr\/wp-json\/wp\/v2\/types\/post"}],"author":[{"embeddable":true,"href":"https:\/\/www.europesays.com\/fr\/wp-json\/wp\/v2\/users\/2"}],"replies":[{"embeddable":true,"href":"https:\/\/www.europesays.com\/fr\/wp-json\/wp\/v2\/comments?post=664944"}],"version-history":[{"count":0,"href":"https:\/\/www.europesays.com\/fr\/wp-json\/wp\/v2\/posts\/664944\/revisions"}],"wp:featuredmedia":[{"embeddable":true,"href":"https:\/\/www.europesays.com\/fr\/wp-json\/wp\/v2\/media\/664945"}],"wp:attachment":[{"href":"https:\/\/www.europesays.com\/fr\/wp-json\/wp\/v2\/media?parent=664944"}],"wp:term":[{"taxonomy":"category","embeddable":true,"href":"https:\/\/www.europesays.com\/fr\/wp-json\/wp\/v2\/categories?post=664944"},{"taxonomy":"post_tag","embeddable":true,"href":"https:\/\/www.europesays.com\/fr\/wp-json\/wp\/v2\/tags?post=664944"}],"curies":[{"name":"wp","href":"https:\/\/api.w.org\/{rel}","templated":true}]}}