{"id":664946,"date":"2026-01-15T08:54:23","date_gmt":"2026-01-15T08:54:23","guid":{"rendered":"https:\/\/www.europesays.com\/fr\/664946\/"},"modified":"2026-01-15T08:54:23","modified_gmt":"2026-01-15T08:54:23","slug":"entre-resignation-et-ras-le-bol-les-riverains-de-la31-partages-sur-le-mur-antibruit","status":"publish","type":"post","link":"https:\/\/www.europesays.com\/fr\/664946\/","title":{"rendered":"entre r\u00e9signation et ras-le-bol, les riverains de l\u2019A31 partag\u00e9s sur le mur antibruit"},"content":{"rendered":"<p>C\u2019\u00e9tait une belle maison, 100 m\u00e8tres carr\u00e9s avec jardin, sous la for\u00eat. \u00ab\u00a0Elle nous a plu tout de suite\u00a0\u00bb, se souvient Patrick B. C\u2019\u00e9tait en 2011, rue du 8-Mai-1945, \u00e0 <a href=\"https:\/\/www.estrepublicain.fr\/c\/meurthe-et-moselle\/54115-champigneulles\" target=\"_blank\" rel=\"noopener\">Champigneulles.<\/a> \u00a0Le couple ach\u00e8te et investit\u00a0: deuxi\u00e8me salle de bains, isolation int\u00e9rieure, VMC, triple vitrage. Plusieurs ann\u00e9es de travaux pour le foyer de leur vie. \u00ab\u00a0On n\u2019a pas compris tout de suite le probl\u00e8me.\u00a0\u00bb<\/p>\n<p>Le probl\u00e8me est l\u00e0, en contrebas, \u00e0 une vingtaine de m\u00e8tres\u00a0: <a href=\"https:\/\/www.estrepublicain.fr\/encadres\/2025\/12\/30\/a31-apres-plus-de-trois-ans-de-travaux-le-viaduc-d-autreville-est-enfin-termine\" target=\"_blank\" rel=\"noopener\">l\u2019A31,<\/a> l\u2019autoroute qui relie Nancy \u00e0 Metz, le Luxembourg \u00e0 la Bourgogne. <a href=\"https:\/\/www.estrepublicain.fr\/economie\/2025\/04\/08\/pics-sonores-pollution-quand-les-nuisances-de-la-route-oppressent-les-riverains\" target=\"_blank\" rel=\"noopener\">Plus de 80\u00a0000 v\u00e9hicules par jour<\/a> , des milliers de camions.<\/p>\n<p>Elle traverse Champigneulles sur deux kilom\u00e8tres, longe des habitations\u00a0: rue&#8230;<\/p>\n","protected":false},"excerpt":{"rendered":"C\u2019\u00e9tait une belle maison, 100 m\u00e8tres carr\u00e9s avec jardin, sous la for\u00eat. \u00ab\u00a0Elle nous a plu tout de&hellip;\n","protected":false},"author":2,"featured_media":664947,"comment_status":"","ping_status":"","sticky":false,"template":"","format":"standard","meta":{"footnotes":""},"categories":[9635],"tags":[1111,11,13561,13560,3542,1707,1704,1706,1705,1777,674,1011,27,775,1908,3457,1702,12,25,71,4604,104,2803],"class_list":{"0":"post-664946","1":"post","2":"type-post","3":"status-publish","4":"format-standard","5":"has-post-thumbnail","7":"category-nancy","8":"tag-actu","9":"tag-actualites","10":"tag-cc-du-bassin-de-pompey-54b2","11":"tag-champigneulles","12":"tag-circulation","13":"tag-edition-luneville","14":"tag-edition-nancy-et-agglomeration","15":"tag-edition-pont-a-mousson","16":"tag-edition-toul","17":"tag-eu","18":"tag-europe","19":"tag-fr","20":"tag-france","21":"tag-grand-est","22":"tag-logement","23":"tag-meurthe-et-moselle","24":"tag-nancy","25":"tag-news","26":"tag-republique-francaise","27":"tag-sante","28":"tag-selection-abonne","29":"tag-societe","30":"tag-transport"},"share_on_mastodon":{"url":"https:\/\/pubeurope.com\/@fr\/115898277254028222","error":""},"_links":{"self":[{"href":"https:\/\/www.europesays.com\/fr\/wp-json\/wp\/v2\/posts\/664946","targetHints":{"allow":["GET"]}}],"collection":[{"href":"https:\/\/www.europesays.com\/fr\/wp-json\/wp\/v2\/posts"}],"about":[{"href":"https:\/\/www.europesays.com\/fr\/wp-json\/wp\/v2\/types\/post"}],"author":[{"embeddable":true,"href":"https:\/\/www.europesays.com\/fr\/wp-json\/wp\/v2\/users\/2"}],"replies":[{"embeddable":true,"href":"https:\/\/www.europesays.com\/fr\/wp-json\/wp\/v2\/comments?post=664946"}],"version-history":[{"count":0,"href":"https:\/\/www.europesays.com\/fr\/wp-json\/wp\/v2\/posts\/664946\/revisions"}],"wp:featuredmedia":[{"embeddable":true,"href":"https:\/\/www.europesays.com\/fr\/wp-json\/wp\/v2\/media\/664947"}],"wp:attachment":[{"href":"https:\/\/www.europesays.com\/fr\/wp-json\/wp\/v2\/media?parent=664946"}],"wp:term":[{"taxonomy":"category","embeddable":true,"href":"https:\/\/www.europesays.com\/fr\/wp-json\/wp\/v2\/categories?post=664946"},{"taxonomy":"post_tag","embeddable":true,"href":"https:\/\/www.europesays.com\/fr\/wp-json\/wp\/v2\/tags?post=664946"}],"curies":[{"name":"wp","href":"https:\/\/api.w.org\/{rel}","templated":true}]}}