{"id":664950,"date":"2026-01-15T08:56:09","date_gmt":"2026-01-15T08:56:09","guid":{"rendered":"https:\/\/www.europesays.com\/fr\/664950\/"},"modified":"2026-01-15T08:56:09","modified_gmt":"2026-01-15T08:56:09","slug":"un-detenu-evade-du-centre-de-semi-liberte-de-la-valette-du-var-interpelle-a-hyeres-grace-a-un-drone","status":"publish","type":"post","link":"https:\/\/www.europesays.com\/fr\/664950\/","title":{"rendered":"Un d\u00e9tenu, \u00e9vad\u00e9 du centre de semi-libert\u00e9 de La Valette-du-Var, interpell\u00e9 \u00e0 Hy\u00e8res gr\u00e2ce \u00e0 un drone"},"content":{"rendered":"<p>Un quadrag\u00e9naire, qui n&rsquo;avait pas r\u00e9int\u00e9gr\u00e9 sa cellule du centre de semi-libert\u00e9 de La Valette-du-Var dimanche 11 janvier, a \u00e9t\u00e9 interpell\u00e9 \u00e0 Hy\u00e8res le jour m\u00eame.<\/p>\n<p>Un homme de 49 ans <a href=\"https:\/\/www.bfmtv.com\/police-justice\/un-homme-evade-de-la-prison-de-la-sante-interpelle-a-bobigny-apres-une-cavale-de-huit-mois_AN-202512300358.html\" title=\"Un homme \u00e9vad\u00e9 de la prison de la Sant\u00e9 interpell\u00e9 \u00e0 Bobigny apr\u00e8s une cavale de huit mois\" class=\"internal_link\" target=\"_blank\" rel=\"noopener\">s&rsquo;est \u00e9vad\u00e9<\/a> du centre de semi-libert\u00e9 de La Valette-du-Var le dimanche 11 janvier, a appris BFM Toulon Var de source polici\u00e8re.<\/p>\n<p>Allong\u00e9 dans un parc<\/p>\n<p>Dans la foul\u00e9e, la cellule drone de la police nationale du Var a \u00e9t\u00e9 engag\u00e9e pour retrouver le quadrag\u00e9naire, qui \u00e9tait cens\u00e9 r\u00e9int\u00e9grer sa cellule la veille. Son t\u00e9l\u00e9phone portable a rapidement \u00e9t\u00e9 g\u00e9olocalis\u00e9 \u00e0 La Garde puis vers l&rsquo;Almanarre, \u00e0 Hy\u00e8res.<\/p>\n<p>Deux effectifs ont r\u00e9alis\u00e9 une reconnaissance avec leurs drones sur place. Apr\u00e8s une heure de recherche, le fugitif a \u00e9t\u00e9 retrouv\u00e9, allong\u00e9 sur un banc dans un parc bordant la mer.<\/p>\n<p>Interpell\u00e9, l&rsquo;homme a \u00e9t\u00e9 d\u00e9f\u00e9r\u00e9 pour une comparution sur reconnaissance pr\u00e9alable de culpabilit\u00e9 le lendemain, le lundi 12 janvier.<\/p>\n","protected":false},"excerpt":{"rendered":"Un quadrag\u00e9naire, qui n&rsquo;avait pas r\u00e9int\u00e9gr\u00e9 sa cellule du centre de semi-libert\u00e9 de La Valette-du-Var dimanche 11 janvier,&hellip;\n","protected":false},"author":2,"featured_media":664951,"comment_status":"","ping_status":"","sticky":false,"template":"","format":"standard","meta":{"footnotes":""},"categories":[9619],"tags":[1111,11,1777,674,1011,27,12,882,25,2310],"class_list":{"0":"post-664950","1":"post","2":"type-post","3":"status-publish","4":"format-standard","5":"has-post-thumbnail","7":"category-toulon","8":"tag-actu","9":"tag-actualites","10":"tag-eu","11":"tag-europe","12":"tag-fr","13":"tag-france","14":"tag-news","15":"tag-provence-alpes-cote-dazur","16":"tag-republique-francaise","17":"tag-toulon"},"share_on_mastodon":{"url":"https:\/\/pubeurope.com\/@fr\/115898285044369581","error":""},"_links":{"self":[{"href":"https:\/\/www.europesays.com\/fr\/wp-json\/wp\/v2\/posts\/664950","targetHints":{"allow":["GET"]}}],"collection":[{"href":"https:\/\/www.europesays.com\/fr\/wp-json\/wp\/v2\/posts"}],"about":[{"href":"https:\/\/www.europesays.com\/fr\/wp-json\/wp\/v2\/types\/post"}],"author":[{"embeddable":true,"href":"https:\/\/www.europesays.com\/fr\/wp-json\/wp\/v2\/users\/2"}],"replies":[{"embeddable":true,"href":"https:\/\/www.europesays.com\/fr\/wp-json\/wp\/v2\/comments?post=664950"}],"version-history":[{"count":0,"href":"https:\/\/www.europesays.com\/fr\/wp-json\/wp\/v2\/posts\/664950\/revisions"}],"wp:featuredmedia":[{"embeddable":true,"href":"https:\/\/www.europesays.com\/fr\/wp-json\/wp\/v2\/media\/664951"}],"wp:attachment":[{"href":"https:\/\/www.europesays.com\/fr\/wp-json\/wp\/v2\/media?parent=664950"}],"wp:term":[{"taxonomy":"category","embeddable":true,"href":"https:\/\/www.europesays.com\/fr\/wp-json\/wp\/v2\/categories?post=664950"},{"taxonomy":"post_tag","embeddable":true,"href":"https:\/\/www.europesays.com\/fr\/wp-json\/wp\/v2\/tags?post=664950"}],"curies":[{"name":"wp","href":"https:\/\/api.w.org\/{rel}","templated":true}]}}