{"id":664952,"date":"2026-01-15T08:57:10","date_gmt":"2026-01-15T08:57:10","guid":{"rendered":"https:\/\/www.europesays.com\/fr\/664952\/"},"modified":"2026-01-15T08:57:10","modified_gmt":"2026-01-15T08:57:10","slug":"champions-cup-toulouse-bordeaux-toulon-le-programme-tv-complet-du-week-end-a-ne-surtout-pas-manquer","status":"publish","type":"post","link":"https:\/\/www.europesays.com\/fr\/664952\/","title":{"rendered":"Champions Cup : Toulouse, Bordeaux , Toulon, le programme TV complet du week-end \u00e0 ne surtout pas manquer"},"content":{"rendered":"<p><strong>Ne manquez pas les matchs de rugby de ce week-end. D\u00e9couvrez \u00e0 quelle heure et sur quelle cha\u00eene suivre Toulouse contre Sale et Bristol contre Bordeaux.<\/strong><\/p>\n<p>Le <a href=\"https:\/\/mvz-sports.com\/fr\/rugby\" target=\"_blank\" rel=\"noopener\">rugby<\/a> europ\u00e9en est \u00e0 l\u2019honneur ce week-end, avec des affrontements cruciaux dans la Champions Cup, la Challenge Cup et la Pro D2. Voici le programme d\u00e9taill\u00e9 pour que vous ne manquiez rien.<\/p>\n<p>Champions Cup : Programme du week-end<\/p>\n<p>Vendredi 16 janvier 2026<\/p>\n<p><strong>21h00<\/strong> : Pau \u2013 Bulls (beIN Sports 3)<\/p>\n<p><strong>21h00<\/strong> : Bath \u2013 Edinburgh (beIN Sports 10)<\/p>\n<p>Samedi 17 janvier 2026<\/p>\n<p><strong>14h00<\/strong> : Sharks \u2013 Clermont (beIN Sports 3)<\/p>\n<p><strong>16h15<\/strong> : Bayonne \u2013 Leinster (France 2)<\/p>\n<p><strong>16h15<\/strong> : Stormers \u2013 Leicester (beIN Sports 9)<\/p>\n<p><strong>18h30<\/strong> : Stade Toulousain \u2013 Sale Sharks (beIN Sports 1)<\/p>\n<p><strong>18h30<\/strong> : Munster \u2013 Castres (beIN Sports 8)<\/p>\n<p><strong>21h00<\/strong> : Gloucester \u2013 Toulon (beIN Sports 3)<\/p>\n<p>Dimanche 18 janvier 2026<\/p>\n<ul class=\"wp-block-list\">\n<li><strong>14h00<\/strong> : Bristol Bears \u2013 Bordeaux-B\u00e8gles (beIN Sports 1)<\/li>\n<li><strong>16h15<\/strong> : Northampton Saints \u2013 Scarlets (beIN Sports 4)<\/li>\n<li><strong>16h15<\/strong> : La Rochelle \u2013 Harlequins (France 2)<\/li>\n<li><strong>18h30<\/strong> : Glasgow Warriors \u2013 Saracens (beIN Sports 4)<\/li>\n<\/ul>\n<p>Challenge Cup et Pro D2<\/p>\n<p>Les matchs de Challenge Cup et <a href=\"https:\/\/mvz-sports.com\/fr\/rugby\/competitions\/pro-d2\" target=\"_blank\" rel=\"noopener\">Pro D2<\/a> continuent \u00e9galement ce week-end avec des rencontres strat\u00e9giques \u00e0 ne pas rater. Les \u00e9quipes doivent se battre pour des positions cl\u00e9s dans le tableau.<\/p>\n<p>Challenge Cup \u2013 J4<\/p>\n<p><strong>Vendredi 16 janvier 2026<\/strong> : 21h00 \u2013 Dragons \u2013 Newcastle Falcons (EPCR TV)<\/p>\n<p><strong>Samedi 17 janvier 2026<\/strong> : 14h00 \u2013 Ulster \u2013 Stade Fran\u00e7ais (beIN Sports 7)<\/p>\n<p>Pro D2 \u2013 J17<\/p>\n<p><strong>Vendredi 16 janvier 2026<\/strong><\/p>\n<p><strong>19h00<\/strong> : Nevers \u2013 Aix-en-Provence (Canal+ Sport)<\/p>\n<p><strong>21h00<\/strong> : Grenoble \u2013 Agen (Canal+ Sport)<\/p>\n<p>Avec des enjeux \u00e9lev\u00e9s et des affrontements palpitants, ce week-end de rugby promet d\u2019\u00eatre \u00e9pique. Assurez-vous de marquer les heures et les cha\u00eenes pour ne rien rater des actions sur le terrain.<\/p>\n","protected":false},"excerpt":{"rendered":"Ne manquez pas les matchs de rugby de ce week-end. D\u00e9couvrez \u00e0 quelle heure et sur quelle cha\u00eene&hellip;\n","protected":false},"author":2,"featured_media":664953,"comment_status":"","ping_status":"","sticky":false,"template":"","format":"standard","meta":{"footnotes":""},"categories":[9619],"tags":[1111,11,1777,674,1011,27,12,882,25,2310],"class_list":{"0":"post-664952","1":"post","2":"type-post","3":"status-publish","4":"format-standard","5":"has-post-thumbnail","7":"category-toulon","8":"tag-actu","9":"tag-actualites","10":"tag-eu","11":"tag-europe","12":"tag-fr","13":"tag-france","14":"tag-news","15":"tag-provence-alpes-cote-dazur","16":"tag-republique-francaise","17":"tag-toulon"},"share_on_mastodon":{"url":"https:\/\/pubeurope.com\/@fr\/115898289016674882","error":""},"_links":{"self":[{"href":"https:\/\/www.europesays.com\/fr\/wp-json\/wp\/v2\/posts\/664952","targetHints":{"allow":["GET"]}}],"collection":[{"href":"https:\/\/www.europesays.com\/fr\/wp-json\/wp\/v2\/posts"}],"about":[{"href":"https:\/\/www.europesays.com\/fr\/wp-json\/wp\/v2\/types\/post"}],"author":[{"embeddable":true,"href":"https:\/\/www.europesays.com\/fr\/wp-json\/wp\/v2\/users\/2"}],"replies":[{"embeddable":true,"href":"https:\/\/www.europesays.com\/fr\/wp-json\/wp\/v2\/comments?post=664952"}],"version-history":[{"count":0,"href":"https:\/\/www.europesays.com\/fr\/wp-json\/wp\/v2\/posts\/664952\/revisions"}],"wp:featuredmedia":[{"embeddable":true,"href":"https:\/\/www.europesays.com\/fr\/wp-json\/wp\/v2\/media\/664953"}],"wp:attachment":[{"href":"https:\/\/www.europesays.com\/fr\/wp-json\/wp\/v2\/media?parent=664952"}],"wp:term":[{"taxonomy":"category","embeddable":true,"href":"https:\/\/www.europesays.com\/fr\/wp-json\/wp\/v2\/categories?post=664952"},{"taxonomy":"post_tag","embeddable":true,"href":"https:\/\/www.europesays.com\/fr\/wp-json\/wp\/v2\/tags?post=664952"}],"curies":[{"name":"wp","href":"https:\/\/api.w.org\/{rel}","templated":true}]}}