{"id":664954,"date":"2026-01-15T08:58:23","date_gmt":"2026-01-15T08:58:23","guid":{"rendered":"https:\/\/www.europesays.com\/fr\/664954\/"},"modified":"2026-01-15T08:58:23","modified_gmt":"2026-01-15T08:58:23","slug":"des-granulats-pour-les-chantiers-du-btp-de-montpellier-a-un-prix-competitif-lenquete-publique-favorable-a-la-carriere-de-murles-sous-conditions","status":"publish","type":"post","link":"https:\/\/www.europesays.com\/fr\/664954\/","title":{"rendered":"\u00ab\u00a0Des granulats pour les chantiers du BTP de Montpellier \u00e0 un prix comp\u00e9titif\u00a0\u00bb\u00a0: l\u2019enqu\u00eate publique favorable \u00e0 la carri\u00e8re de Murles\u2026 sous conditions"},"content":{"rendered":"<p>\n                                                                Dans le pic Saint-Loup, les conclusions de l\u2019enqu\u00eate publique concernant le renouvellement et l\u2019extension de la carri\u00e8re de Murles, avec la cr\u00e9ation d\u2019un nouveau site de stockage de d\u00e9chets, sont connues. Et favorables au projet port\u00e9 par la soci\u00e9t\u00e9 Languedoc Granulats. Avec pour autant des conditions indispensables. Dont la modification du PLU de Murles. Elle d\u00e9butera le 23\u00a0janvier.\n                            <\/p>\n<p>        <img decoding=\"async\" class=\"std-img__img responsive-img\" src=\"https:\/\/www.europesays.com\/fr\/wp-content\/uploads\/2026\/01\/1768467503_588_image.jpg\" alt=\"Une partie des installations. Au second plan\u00a0: la verse, au centre du projet. Cette colline de d\u00e9chets inertes, &quot;horrible&quot; et &quot;monstrueuse&quot; selon le rapport, doit \u00eatre \u00e9tal\u00e9e et ainsi abaiss\u00e9e. D\u2019o\u00f9 le d\u00e9boisement envisag\u00e9.\"\/><\/p>\n<p>                Une partie des installations. Au second plan\u00a0: la verse, au centre du projet. Cette colline de d\u00e9chets inertes, \u00ab\u00a0horrible\u00a0\u00bb et \u00ab\u00a0monstrueuse\u00a0\u00bb selon le rapport, doit \u00eatre \u00e9tal\u00e9e et ainsi abaiss\u00e9e. D\u2019o\u00f9 le d\u00e9boisement envisag\u00e9.<br \/>\n                                    Midi Libre &#8211; T. J.<\/p>\n<p>\u00ab\u00a0L\u2019ensemble des r\u00e9ponses de Languedoc Granulats est pertinent et n\u2019am\u00e8ne aucune r\u00e9serve suppl\u00e9mentaire.\u00a0\u00bb\u2005<\/p>\n<p>Moins de deux semaines apr\u00e8s la fin de la consultation publique, le 12\u00a0novembre dernier, les conclusions du commissaire enqu\u00eateurs tombaient\u00a0: sous conditions, la soci\u00e9t\u00e9 Languedoc Granulats pourra mener \u00e0 bien ses projets. \u00c0 savoir\u00a0: renouveler l\u2019exploitation de la carri\u00e8re pour les trente prochaines ann\u00e9es, creuser le carreau existant de 80\u00a0m suppl\u00e9mentaires de profondeur, d\u00e9boiser de 25 hectares suppl\u00e9mentaires pour permettre d\u2019\u00e9taler la \u201cverse\u201d d\u2019une vingtaine de m\u00e8tres (soit le monticule de d\u00e9chets, actuellement haut de 85\u00a0m) sur une surface de 11 hectares, ainsi que cr\u00e9er une Installation de stockage de d\u00e9chets inertes (Isdi) \u00ab\u00a0pour les d\u00e9chets externes du BTP non recyclables par l\u2019entreprise\u00a0\u00bb, Isdi qui, pour l\u2019heure, n\u2019existe pas.<\/p>\n<p>Huit d\u00e9savantages, quinze avantages<\/p>\n<p>Dans ses conclusions, concernant les \u00ab\u00a0d\u00e9savantages du projet\u00a0\u00bb, le rapporteur rel\u00e8ve toutefois huit points, confirmant\u00a0\u00ab\u00a0la perte d\u00e9finitive d\u2019environ 25\u00a0ha de zone bois\u00e9e\u00a0\u00bb, l\u2019atteinte port\u00e9e \u00ab\u00a0\u00e0 la biodiversit\u00e9 par le d\u00e9frichement\u00a0\u00bb\u00a0ou encore la pr\u00e9sence de deux captages d\u2019eau potable au sein de la zone.<\/p>\n<p>Quant aux avantages du projet, ils sont au nombre de quinze. Notamment \u00ab\u00a0faire dispara\u00eetre le sommet de cette colline disgracieuse\u00a0\u00bb (en l\u2019occurrence la fameuse verse, \u00e9galement qualifi\u00e9e de\u00a0\u00ab\u00a0monstrueuse\u00a0\u00bb), \u00ab\u00a0il permettra un apport en granulats \u00e0 l\u2019ensemble des chantiers du BTP de la zone de Montpellier \u00e0 un prix comp\u00e9titif\u00a0\u00bb\u00a0ainsi que le maintien de quinze emplois permanents sur site. Il note \u00e9galement que le d\u00e9boisement en question s\u2019il \u00ab\u00a0ne repr\u00e9sente que 0,7\u00a0% par rapport \u00e0 l\u2019espace du plateau de garrigues et bois contenant le bois de Val\u00e8ne\u00a0\u00bb, le projet offre des \u00ab\u00a0compensations \u00e0 la biodiversit\u00e9 qui sont satisfaisantes\u00a0\u00bb.<\/p>\n<p>L\u2019avis d\u00e9favorable du CNPN doit \u00eatre lev\u00e9<\/p>\n<p>Reste donc que Languedoc Granulats devra respecter certaines conditions pour mener \u00e0 terme son projet. Deux sortent du lot. La premi\u00e8re concerne le Conseil national de protection de la nature, qui a \u00e9mis un avis d\u00e9favorable, consid\u00e9rant notamment que la\u00a0\u00ab\u00a0raison imp\u00e9rative d\u2019int\u00e9r\u00eat publique majeur n\u2019est pas d\u00e9montr\u00e9e\u00a0\u00bb\u00a0ou que \u00ab\u00a0les impacts sur des esp\u00e8ces sensibles sont sous-\u00e9valu\u00e9s\u00a0\u00bb.<\/p>\n<p>Dans ses conclusions motiv\u00e9es, le rapporteur souligne ainsi que \u00ab\u00a0l\u2019autorisation environnementale ne pourra \u00eatre d\u00e9livr\u00e9e que lorsque le PLU de Murles aura \u00e9t\u00e9 modifi\u00e9 pour supprimer l\u2019espace bois\u00e9 class\u00e9 sur la zone d\u2019extension pr\u00e9vue et que l\u2019avis d\u00e9favorable du CNPN aura \u00e9t\u00e9 lev\u00e9\u00a0\u00bb.<\/p>\n<p>Concernant la modification du PLU, le plan local d\u2019urbanisme, la mairie de Murles s\u2019y attelle (lire ci-dessous).<\/p>\n<p>    Murles modifie son PLU<\/p>\n<p>Condition indispensable au projet de renouvellement et d\u2019extension de la carri\u00e8re de Murles, il faut une modification\u00a0du plan local d\u2019urbanisme de la commune puisque l\u2019extension se ferait au d\u00e9triment d\u2019un espace bois\u00e9 class\u00e9. Dans le cadre de cette r\u00e9vision du PLU, une nouvelle enqu\u00eate publique sera ouverte d\u00e8s le vendredi 23\u00a0janvier et s\u2019\u00e9talera jusqu\u2019au 27\u00a0f\u00e9vrier prochain.<\/p>\n<p>\u00ab\u00a0Le dossier et un registre d\u2019enqu\u00eate seront tenus \u00e0 la disposition du public en mairie\u00a0\u00bb, souligne l\u2019avis publi\u00e9. Le dossier sera \u00e9galement accessible via internet (<a href=\"https:\/\/www.democratie-active.fr\/revision-plu-murles\/\" target=\"_self\" rel=\"noopener\">www.democratie-active.fr\/revision-plu-murles\/<\/a>). Et le commissaire enqu\u00eateur tiendra une permanence \u00e0 Murles, salle Billoire, les jeudis 29\u00a0janvier, 12\u00a0f\u00e9vrier et 19\u00a0f\u00e9vrier, de 14\u00a0h \u00e0 17\u00a0h.<\/p>\n","protected":false},"excerpt":{"rendered":"Dans le pic Saint-Loup, les conclusions de l\u2019enqu\u00eate publique concernant le renouvellement et l\u2019extension de la carri\u00e8re de&hellip;\n","protected":false},"author":2,"featured_media":664955,"comment_status":"","ping_status":"","sticky":false,"template":"","format":"standard","meta":{"footnotes":""},"categories":[9599],"tags":[1111,11,436,1777,674,1011,27,7089,2208,12,2680,25],"class_list":{"0":"post-664954","1":"post","2":"type-post","3":"status-publish","4":"format-standard","5":"has-post-thumbnail","7":"category-montpellier","8":"tag-actu","9":"tag-actualites","10":"tag-environnement","11":"tag-eu","12":"tag-europe","13":"tag-fr","14":"tag-france","15":"tag-herault","16":"tag-montpellier","17":"tag-news","18":"tag-occitanie","19":"tag-republique-francaise"},"share_on_mastodon":{"url":"https:\/\/pubeurope.com\/@fr\/115898292920466495","error":""},"_links":{"self":[{"href":"https:\/\/www.europesays.com\/fr\/wp-json\/wp\/v2\/posts\/664954","targetHints":{"allow":["GET"]}}],"collection":[{"href":"https:\/\/www.europesays.com\/fr\/wp-json\/wp\/v2\/posts"}],"about":[{"href":"https:\/\/www.europesays.com\/fr\/wp-json\/wp\/v2\/types\/post"}],"author":[{"embeddable":true,"href":"https:\/\/www.europesays.com\/fr\/wp-json\/wp\/v2\/users\/2"}],"replies":[{"embeddable":true,"href":"https:\/\/www.europesays.com\/fr\/wp-json\/wp\/v2\/comments?post=664954"}],"version-history":[{"count":0,"href":"https:\/\/www.europesays.com\/fr\/wp-json\/wp\/v2\/posts\/664954\/revisions"}],"wp:featuredmedia":[{"embeddable":true,"href":"https:\/\/www.europesays.com\/fr\/wp-json\/wp\/v2\/media\/664955"}],"wp:attachment":[{"href":"https:\/\/www.europesays.com\/fr\/wp-json\/wp\/v2\/media?parent=664954"}],"wp:term":[{"taxonomy":"category","embeddable":true,"href":"https:\/\/www.europesays.com\/fr\/wp-json\/wp\/v2\/categories?post=664954"},{"taxonomy":"post_tag","embeddable":true,"href":"https:\/\/www.europesays.com\/fr\/wp-json\/wp\/v2\/tags?post=664954"}],"curies":[{"name":"wp","href":"https:\/\/api.w.org\/{rel}","templated":true}]}}