{"id":664958,"date":"2026-01-15T09:00:09","date_gmt":"2026-01-15T09:00:09","guid":{"rendered":"https:\/\/www.europesays.com\/fr\/664958\/"},"modified":"2026-01-15T09:00:09","modified_gmt":"2026-01-15T09:00:09","slug":"un-nouveau-preavis-de-greve-depose-jusquen-juin","status":"publish","type":"post","link":"https:\/\/www.europesays.com\/fr\/664958\/","title":{"rendered":"un nouveau pr\u00e9avis de gr\u00e8ve d\u00e9pos\u00e9 jusqu&rsquo;en juin"},"content":{"rendered":"<p>                    Par<br \/>\n        <strong><br \/>\n            <a href=\"https:\/\/actu.fr\/auteur\/adrien-filoche\" title=\"Consulter tous les articles de Adrien Filoche\" target=\"_blank\" rel=\"noopener\">Adrien Filoche<\/a><br \/>\n                    <\/strong><\/p>\n<p>        Publi\u00e9 le<\/p>\n<p>            15 janv. 2026 \u00e0 9h48        <\/p>\n<p>Fin novembre\u00a02025, on nous indiquait que <a href=\"https:\/\/actu.fr\/normandie\/rouen_76540\/la-fin-de-la-greve-des-transports-a-rouen-n-est-pas-pour-tout-de-suite-le-dialogue-est-au-point-mort_63452920.html\" target=\"_blank\" rel=\"noopener\">les n\u00e9gociations \u00e9taient au point mort.<\/a> <strong>Aujourd\u2019hui, la situation ne semble pas avoir \u00e9volu\u00e9.<\/strong> Toujours en conflit avec la direction de <a href=\"https:\/\/actu.fr\/tag\/reseau-astuce-tcar\" target=\"_blank\" rel=\"noopener\">Transdev<\/a>, la CGT a d\u00e9pos\u00e9 un nouveau pr\u00e9avis de <a href=\"https:\/\/actu.fr\/tag\/greve\" target=\"_blank\" rel=\"noopener\">gr\u00e8ve<\/a> courant du samedi 17\u00a0janvier au samedi 27\u00a0juin 2026. Le syndicat revendique toujours l\u2019int\u00e9gration des temps de d\u00e9placement dans le temps de travail effectif.<\/p>\n<p>Le dialogue toujours au point mort<\/p>\n<p class=\" wall-content\">Interrog\u00e9 par\u00a076actu, <strong>David Fossati<\/strong>, secr\u00e9taire g\u00e9n\u00e9ral CGT Transdev Rouen confirme que les n\u00e9gociations n\u2019ont pas abouti.<\/p>\n<p class=\" wall-content\">\u00ab\u2009Le dialogue est au point mort. C\u2019est un disque ray\u00e9, on nous r\u00e9p\u00e8te les m\u00eames choses\u2009\u00bb, l\u00e2che le militant, qui souligne que le mouvement \u00ab\u2009peut encore prendre de l\u2019ampleur\u2009\u00bb. Lors des derni\u00e8res journ\u00e9es de gr\u00e8ve, il \u00e9voque entre <strong>50 et 60\u2009% de mobilisation<\/strong>.<\/p>\n<p class=\" wall-content\">De son c\u00f4t\u00e9, Transdev Rouen, indique par voie de communiqu\u00e9 que \u00ab\u2009l\u2019entreprise <strong>ne peut apporter de r\u00e9ponse favorable<\/strong> \u00e0 ces revendications \u00e0 la hausse, qui ne sont pas finan\u00e7ables en l\u2019\u00e9tat dans le cadre de la D\u00e9l\u00e9gation de Service Public\u2009\u00bb.<\/p>\n<p class=\" wall-content\">Des perturbations sont d\u2019ores et d\u00e9j\u00e0 annonc\u00e9es pour la journ\u00e9e de samedi\u00a017, et elles se poursuivront au moins jusqu\u2019au samedi 27\u00a0juin, faute d\u2019accord.<\/p>\n<p>Vid\u00e9os : en ce moment sur Actu<\/p>\n<p class=\" wall-content\">Elles pourront toucher les lignes de M\u00e9tro, les lignes Teor, les lignes Fast ainsi que les lignes r\u00e9guli\u00e8res 10, 11, 15, 20, 22, 27, 41, 43 et Noctambus. Les lignes TAE, les lignes scolaires, la navette Calypso et le service Filo\u2019r ne seront pas impact\u00e9s.<\/p>\n<p>Suivez l\u2019actualit\u00e9 de Rouen sur <a href=\"https:\/\/www.whatsapp.com\/channel\/0029VaKfnf99hXF2ddApFB1D\" target=\"_blank\" rel=\"noopener\">notre cha\u00eene WhatsApp<\/a> et <a href=\"https:\/\/www.tiktok.com\/@76actu.fr?lang=fr\" target=\"_blank\" rel=\"noopener\">sur notre compte TikTok<\/a><\/p>\n<p class=\" wall-content\">Personnalisez votre actualit\u00e9 en ajoutant vos villes et m\u00e9dias en favori avec <a href=\"https:\/\/moncompte.actu.fr\" title=\"D\u00e9couvez Mon Actu\" rel=\"nofollow noopener\" data-trk=\"{&quot;cta&quot;:{&quot;action&quot;:&quot;https:\\\/\\\/moncompte.actu.fr&quot;,&quot;category&quot;:&quot;mon compte&quot;,&quot;from&quot;:&quot;article footer&quot;,&quot;name&quot;:&quot;Mon actu&quot;,&quot;type&quot;:&quot;cta&quot;}}\" target=\"_blank\">Mon Actu<\/a>.<\/p>\n<p>                    <script async src=\"\/\/www.tiktok.com\/embed.js\"><\/script><\/p>\n","protected":false},"excerpt":{"rendered":"Par Adrien Filoche Publi\u00e9 le 15 janv. 2026 \u00e0 9h48 Fin novembre\u00a02025, on nous indiquait que les n\u00e9gociations&hellip;\n","protected":false},"author":2,"featured_media":664959,"comment_status":"","ping_status":"","sticky":false,"template":"","format":"standard","meta":{"footnotes":""},"categories":[9587],"tags":[1111,11,1777,674,1011,27,6151,12,5161,25,9726,9590,104,2803],"class_list":{"0":"post-664958","1":"post","2":"type-post","3":"status-publish","4":"format-standard","5":"has-post-thumbnail","7":"category-rouen","8":"tag-actu","9":"tag-actualites","10":"tag-eu","11":"tag-europe","12":"tag-fr","13":"tag-france","14":"tag-greve","15":"tag-news","16":"tag-normandie","17":"tag-republique-francaise","18":"tag-reseau-astuce-tcar","19":"tag-rouen","20":"tag-societe","21":"tag-transport"},"share_on_mastodon":{"url":"https:\/\/pubeurope.com\/@fr\/115898300749465152","error":""},"_links":{"self":[{"href":"https:\/\/www.europesays.com\/fr\/wp-json\/wp\/v2\/posts\/664958","targetHints":{"allow":["GET"]}}],"collection":[{"href":"https:\/\/www.europesays.com\/fr\/wp-json\/wp\/v2\/posts"}],"about":[{"href":"https:\/\/www.europesays.com\/fr\/wp-json\/wp\/v2\/types\/post"}],"author":[{"embeddable":true,"href":"https:\/\/www.europesays.com\/fr\/wp-json\/wp\/v2\/users\/2"}],"replies":[{"embeddable":true,"href":"https:\/\/www.europesays.com\/fr\/wp-json\/wp\/v2\/comments?post=664958"}],"version-history":[{"count":0,"href":"https:\/\/www.europesays.com\/fr\/wp-json\/wp\/v2\/posts\/664958\/revisions"}],"wp:featuredmedia":[{"embeddable":true,"href":"https:\/\/www.europesays.com\/fr\/wp-json\/wp\/v2\/media\/664959"}],"wp:attachment":[{"href":"https:\/\/www.europesays.com\/fr\/wp-json\/wp\/v2\/media?parent=664958"}],"wp:term":[{"taxonomy":"category","embeddable":true,"href":"https:\/\/www.europesays.com\/fr\/wp-json\/wp\/v2\/categories?post=664958"},{"taxonomy":"post_tag","embeddable":true,"href":"https:\/\/www.europesays.com\/fr\/wp-json\/wp\/v2\/tags?post=664958"}],"curies":[{"name":"wp","href":"https:\/\/api.w.org\/{rel}","templated":true}]}}