{"id":664966,"date":"2026-01-15T09:04:17","date_gmt":"2026-01-15T09:04:17","guid":{"rendered":"https:\/\/www.europesays.com\/fr\/664966\/"},"modified":"2026-01-15T09:04:17","modified_gmt":"2026-01-15T09:04:17","slug":"narcotrafic-les-douaniers-en-premiere-ligne-a-rennes","status":"publish","type":"post","link":"https:\/\/www.europesays.com\/fr\/664966\/","title":{"rendered":"Narcotrafic : les douaniers en premi\u00e8re ligne \u00e0 Rennes"},"content":{"rendered":"<p class=\"block date\" id=\"dateEtAuteur\">Publi\u00e9 : 7h15 &#8211; Modifi\u00e9 : 7h20 Yann  LAUNAY <\/p>\n<p><img decoding=\"async\" class=\"\" style=\"width:100%\" src=\"https:\/\/www.europesays.com\/fr\/wp-content\/uploads\/2026\/01\/DOUANE_CONTROLE_SAINT_GILLES_CHIEN_11768411905529.jpg\" alt=\"Contr\u00f4le Douane St Gilles chien 1\"\/>Le nouveau pr\u00e9fet de Bretagne en fait une de ses priorit\u00e9s : la lutte contre le trafic de stup\u00e9fiants doit s&rsquo;intensifier, pour Franck Robine. Un contr\u00f4le des Douanes avait lieu hier matin (mercredi) sur l&rsquo;aire Armor-Argoat, \u00e0 Saint-Gilles en Ille-et-Vilaine, au bord de la RN 12 Rennes &#8211; Saint-Brieuc. <\/p>\n<p>Des motards et une voiture banalis\u00e9e extraient des v\u00e9hicules suspects du flot de la circulation, pour les conduire sur l&rsquo;aire, o\u00f9 plusieurs douaniers proc\u00e8dent au contr\u00f4le. La ma\u00eetre-chien Marion et ses coll\u00e8gues se sont tout particuli\u00e8rement int\u00e9ress\u00e9s \u00e0 une voiture transport\u00e9e sur le plateau d&rsquo;une d\u00e9panneuse :<\/p>\n<p>Marion : \u00ab\u00a0<strong>Je fais sortir un peu d&rsquo;air de la roue de secours, pour voir la r\u00e9action du chien. N\u00e9gatif<\/strong>. <strong>Le chien s&rsquo;est int\u00e9ress\u00e9 au plateau. Apr\u00e8s il a cherch\u00e9 \u00e0 aller sous la voiture. Je l&rsquo;ai fait mont\u00e9 dans la voiture, et il a commenc\u00e9 \u00e0 gratter la banquette arri\u00e8re. C&rsquo;est signe qu&rsquo;il y a ou qu&rsquo;il y a eu du stup\u00e9fiant<\/strong>. M\u00eame si les produits ont \u00e9t\u00e9 l\u00e0 il y a quelques semaines, ils peuvent d\u00e9tecter des produits plusieurs semaines apr\u00e8s.\u00a0\u00bb<\/p>\n<p>Vincent : \u00ab\u00a0<strong>On a fait des saisies de stup\u00e9fiants ici, notamment une grosse saisie d&rsquo;h\u00e9ro\u00efne<\/strong>, qui alimentait toute la Bretagne. <strong>C&rsquo;\u00e9tait dans un v\u00e9hicule break, un matin, et c&rsquo;\u00e9tait une grosse quantit\u00e9, \u00e0 peine cach\u00e9e sous une couverture<\/strong>.\u00a0\u00bb<\/p>\n<p>\u00a0<\/p>\n<p>Marion et VincentMarion et Vincent<\/p>\n<p>Cr\u00e9dit : Yann Launay<\/p>\n<p>Les douaniers ciblent les v\u00e9hicules suspects, qu&rsquo;ils soient poids lourds ou v\u00e9hicules l\u00e9gers. Ils peuvent compter sur l&rsquo;aide de labradors entra\u00een\u00e9s \u00e0 d\u00e9tecter de la drogue, des armes mais aussi des billets de banque. D&rsquo;ailleurs pour le pr\u00e9fet de Bretagne Franck Robine, La recherche d&rsquo;argent par les douaniers est un outil pr\u00e9cieux contre les trafiquants :<\/p>\n<p>\u00ab\u00a0<strong>Le fait de pouvoir saisir les sommes qui ne peuvent \u00eatre justifi\u00e9es, \u00e7a permet de leur taper l\u00e0 o\u00f9 \u00e7a fait mal, c&rsquo;est \u00e0 dire au portefeuille<\/strong>&#8230; Le m\u00e9canisme est simple : <strong>l&rsquo;individu ne peut pas justifier de la somme, les douaniers saisissent, \u00e7a d\u00e9clenche une enqu\u00eate, qui souvent est fructueuse<\/strong>. Si par hasard est ne l&rsquo;est pas, on est tenu de rendre l&rsquo;argent, mais l&rsquo;exp\u00e9rience prouve que<strong> quand vous tombez sur un trafiquant avec de l&rsquo;argent, tr\u00e8s fr\u00e9quemment l&rsquo;enqu\u00eate va montrer qu&rsquo;il s&rsquo;agit de blanchiment \u00a0d&rsquo;une activit\u00e9 ill\u00e9gale<\/strong>.\u00a0\u00bb<\/p>\n<p>\u00a0<\/p>\n<p>Franck Robine, pr\u00e9fet de Bretagne Franck RobineFranck Robine, pr\u00e9fet de Bretagne Franck Robine<img decoding=\"async\" class=\"\" src=\"https:\/\/www.europesays.com\/fr\/wp-content\/uploads\/2026\/01\/DOUANE_CONTROLE_SAINT_GILLES_ECUSSON_11768457953973.jpg\" alt=\"Contr\u00f4le de Douanes\"\/><\/p>\n<p>Contr\u00f4le de Douanes<\/p>\n<p>Cr\u00e9dit : Yann Launay<\/p>\n<p>150 kg de drogues en tous genres, 750 kgs de tabac de contrebande : c&rsquo;est ce que les douanes de Bretagne ont intercept\u00e9, en 2025, dans des v\u00e9hicules. Le pr\u00e9fet de r\u00e9gion, Franck Robine, salue ce bilan et compte sur les douanes pour maintenir la pression sur les trafiquants. Reste que la t\u00e2che des douaniers ne s&rsquo;est pas vraiment simplifi\u00e9e, ces derni\u00e8res ann\u00e9es. Vincent est douanier depuis 25 ans, et il ne le cache pas : le travail est \u00e0 la fois de plus en plus compliqu\u00e9, et de plus en plus dangereux :<\/p>\n<p>\u00ab\u00a0<strong>Les dispositifs pour passer les stup\u00e9fiants sont beaucoup plus \u00e9labor\u00e9s qu&rsquo;\u00e0 une certaine \u00e9poque<\/strong>, o\u00f9 les gens allaient au petit bonheur la chance, ils tombaient sur des douaniers, ils avaient perdu. L\u00e0, <strong>il y a quand m\u00eame des recherche sur Waze : est-ce qu&rsquo;il y a des douaniers ?<\/strong> Nous, <strong>\u00e7a nous oblige \u00e0 cr\u00e9er des dispositifs beaucoup plus profonds, pour voir la voiture leurre, et derri\u00e8re la voiture qui porte du tabac ou autre chose, \u00e7a nous oblige \u00e0 avoir des \u00e9quipes beaucoup plus importantes<\/strong>. Sur les op\u00e9rations de nuit, aux p\u00e9ages notamment,<strong> les refus d&rsquo;obtemp\u00e9rer se multiplient, les personnes qui sont charg\u00e9es notamment de stup\u00e9fiants, ne vont pas h\u00e9siter \u00e0 fuir le contr\u00f4le<\/strong>. Avant il y a avait une h\u00e9sitation, l\u00e0 il n&rsquo;y a plus d&rsquo;h\u00e9sitation \u00e0 forcer le contr\u00f4le.\u00a0\u00bb<\/p>\n<p>\u00a0<\/p>\n<p>Vincent, DouanierVincent, Douanier<img decoding=\"async\" class=\"\" style=\"width:100%\" src=\"https:\/\/www.europesays.com\/fr\/wp-content\/uploads\/2026\/01\/DOUANE_CONTROLE_SAINT_GILLES_CHIEN_21768412619384.jpg\" alt=\"Contr\u00f4le Douane St Gilles chien 2\"\/><\/p>\n","protected":false},"excerpt":{"rendered":"Publi\u00e9 : 7h15 &#8211; Modifi\u00e9 : 7h20 Yann LAUNAY Le nouveau pr\u00e9fet de Bretagne en fait une de&hellip;\n","protected":false},"author":2,"featured_media":664967,"comment_status":"","ping_status":"","sticky":false,"template":"","format":"standard","meta":{"footnotes":""},"categories":[2821],"tags":[1111,11,13292,1438,1465,13293,3450,829,4356,2171,4357,3472,434,1777,674,9593,3337,3321,2257,1011,27,9518,848,1114,13289,2693,66,3047,1781,13291,13290,3729,766,12,9144,2636,3319,584,25,4937,3728,3272,60,3087,3165,2546],"class_list":{"0":"post-664966","1":"post","2":"type-post","3":"status-publish","4":"format-standard","5":"has-post-thumbnail","7":"category-rennes","8":"tag-actu","9":"tag-actualites","10":"tag-aeroport-notre-dame-des-landes","11":"tag-angers","12":"tag-basket","13":"tag-bonnets-rouges","14":"tag-brest","15":"tag-bretagne","16":"tag-coronavirus","17":"tag-cotes-darmor","18":"tag-covid-19","19":"tag-dinan","20":"tag-epidemie","21":"tag-eu","22":"tag-europe","23":"tag-fcn","24":"tag-festivals","25":"tag-finistere","26":"tag-foot","27":"tag-fr","28":"tag-france","29":"tag-hand","30":"tag-ille-et-vilaine","31":"tag-infos","32":"tag-la-roche-sur-yon","33":"tag-laval","34":"tag-ligue-1","35":"tag-loire-atlantique","36":"tag-lorient","37":"tag-maine-et-loire","38":"tag-mayenne","39":"tag-morbihan","40":"tag-nantes","41":"tag-news","42":"tag-ouest","43":"tag-pays-de-la-loire","44":"tag-quimper","45":"tag-rennes","46":"tag-republique-francaise","47":"tag-saint-brieuc","48":"tag-saint-malo","49":"tag-saint-nazaire","50":"tag-sports","51":"tag-stade-rennais","52":"tag-vannes","53":"tag-vendee"},"share_on_mastodon":{"url":"","error":"Validation failed: Text character limit of 500 exceeded"},"_links":{"self":[{"href":"https:\/\/www.europesays.com\/fr\/wp-json\/wp\/v2\/posts\/664966","targetHints":{"allow":["GET"]}}],"collection":[{"href":"https:\/\/www.europesays.com\/fr\/wp-json\/wp\/v2\/posts"}],"about":[{"href":"https:\/\/www.europesays.com\/fr\/wp-json\/wp\/v2\/types\/post"}],"author":[{"embeddable":true,"href":"https:\/\/www.europesays.com\/fr\/wp-json\/wp\/v2\/users\/2"}],"replies":[{"embeddable":true,"href":"https:\/\/www.europesays.com\/fr\/wp-json\/wp\/v2\/comments?post=664966"}],"version-history":[{"count":0,"href":"https:\/\/www.europesays.com\/fr\/wp-json\/wp\/v2\/posts\/664966\/revisions"}],"wp:featuredmedia":[{"embeddable":true,"href":"https:\/\/www.europesays.com\/fr\/wp-json\/wp\/v2\/media\/664967"}],"wp:attachment":[{"href":"https:\/\/www.europesays.com\/fr\/wp-json\/wp\/v2\/media?parent=664966"}],"wp:term":[{"taxonomy":"category","embeddable":true,"href":"https:\/\/www.europesays.com\/fr\/wp-json\/wp\/v2\/categories?post=664966"},{"taxonomy":"post_tag","embeddable":true,"href":"https:\/\/www.europesays.com\/fr\/wp-json\/wp\/v2\/tags?post=664966"}],"curies":[{"name":"wp","href":"https:\/\/api.w.org\/{rel}","templated":true}]}}