{"id":664968,"date":"2026-01-15T09:05:11","date_gmt":"2026-01-15T09:05:11","guid":{"rendered":"https:\/\/www.europesays.com\/fr\/664968\/"},"modified":"2026-01-15T09:05:11","modified_gmt":"2026-01-15T09:05:11","slug":"un-homme-de-21-ans-decede-en-chutant-en-marge-dune-soiree","status":"publish","type":"post","link":"https:\/\/www.europesays.com\/fr\/664968\/","title":{"rendered":"Un homme de 21 ans d\u00e9c\u00e8de en chutant en marge d\u2019une soir\u00e9e"},"content":{"rendered":"<p>Les pompiers sont intervenus ce jeudi matin au 197 boulevard Saint Jean-Baptiste de la Salle, \u00e0 <a href=\"https:\/\/www.20minutes.fr\/rennes\/\" class=\"c-link c-link--is-underlined\" target=\"_blank\" rel=\"noopener\">Rennes<\/a> (Ille-et-Vilaine). Il \u00e9tait un peu plus de 2h30 quand ils ont \u00e9t\u00e9 appel\u00e9s pour porter secours \u00e0 un homme qui avait <a href=\"https:\/\/www.20minutes.fr\/dossier\/chute\" class=\"c-link c-link--is-underlined\" target=\"_blank\" rel=\"noopener\">chut\u00e9 du 5e \u00e9tage<\/a> d\u2019un immeuble situ\u00e9 juste au-dessus du restaurant McDonald\u2019s de Villejean bordant la rue de Saint-Brieuc.<\/p>\n<p>A leur arriv\u00e9e, les secours ont d\u00e9couvert l\u2019homme d\u00e9c\u00e9d\u00e9 au pied du b\u00e2timent. Une femme de 25 ans \u00e9tait \u00e9galement pr\u00e9sente. Choqu\u00e9e, elle a \u00e9t\u00e9 transport\u00e9e en urgence relative vers le CHU Pontchaillou.<\/p>\n<\/p>\n<p>Une enqu\u00eate a \u00e9t\u00e9 ouverte par la police pour tenter de faire la lumi\u00e8re <a href=\"https:\/\/www.20minutes.fr\/dossier\/deces\" class=\"c-link c-link--is-underlined\" target=\"_blank\" rel=\"noopener\">sur ce d\u00e9c\u00e8s<\/a>. D\u2019apr\u00e8s une source polici\u00e8re, le jeune homme participait \u00e0 une soir\u00e9e entre amis. Plusieurs t\u00e9moins ont d\u00e9j\u00e0 \u00e9t\u00e9 entendus et des premi\u00e8res constatations effectu\u00e9es par les enqu\u00eateurs. Les circonstances ne sont pas encore clairement \u00e9tablies, assure la police rennaise.<\/p>\n","protected":false},"excerpt":{"rendered":"Les pompiers sont intervenus ce jeudi matin au 197 boulevard Saint Jean-Baptiste de la Salle, \u00e0 Rennes (Ille-et-Vilaine).&hellip;\n","protected":false},"author":2,"featured_media":664969,"comment_status":"","ping_status":"","sticky":false,"template":"","format":"standard","meta":{"footnotes":""},"categories":[2821],"tags":[1111,47,11,829,1067,1777,674,118,7641,4768,1011,27,848,12,1311,584,25,953],"class_list":{"0":"post-664968","1":"post","2":"type-post","3":"status-publish","4":"format-standard","5":"has-post-thumbnail","7":"category-rennes","8":"tag-actu","9":"tag-actualite","10":"tag-actualites","11":"tag-bretagne","12":"tag-enquete","13":"tag-eu","14":"tag-europe","15":"tag-faits-divers","16":"tag-faits-divers-rennes","17":"tag-fete","18":"tag-fr","19":"tag-france","20":"tag-ille-et-vilaine","21":"tag-news","22":"tag-pompiers","23":"tag-rennes","24":"tag-republique-francaise","25":"tag-soiree"},"share_on_mastodon":{"url":"https:\/\/pubeurope.com\/@fr\/115898320598338248","error":""},"_links":{"self":[{"href":"https:\/\/www.europesays.com\/fr\/wp-json\/wp\/v2\/posts\/664968","targetHints":{"allow":["GET"]}}],"collection":[{"href":"https:\/\/www.europesays.com\/fr\/wp-json\/wp\/v2\/posts"}],"about":[{"href":"https:\/\/www.europesays.com\/fr\/wp-json\/wp\/v2\/types\/post"}],"author":[{"embeddable":true,"href":"https:\/\/www.europesays.com\/fr\/wp-json\/wp\/v2\/users\/2"}],"replies":[{"embeddable":true,"href":"https:\/\/www.europesays.com\/fr\/wp-json\/wp\/v2\/comments?post=664968"}],"version-history":[{"count":0,"href":"https:\/\/www.europesays.com\/fr\/wp-json\/wp\/v2\/posts\/664968\/revisions"}],"wp:featuredmedia":[{"embeddable":true,"href":"https:\/\/www.europesays.com\/fr\/wp-json\/wp\/v2\/media\/664969"}],"wp:attachment":[{"href":"https:\/\/www.europesays.com\/fr\/wp-json\/wp\/v2\/media?parent=664968"}],"wp:term":[{"taxonomy":"category","embeddable":true,"href":"https:\/\/www.europesays.com\/fr\/wp-json\/wp\/v2\/categories?post=664968"},{"taxonomy":"post_tag","embeddable":true,"href":"https:\/\/www.europesays.com\/fr\/wp-json\/wp\/v2\/tags?post=664968"}],"curies":[{"name":"wp","href":"https:\/\/api.w.org\/{rel}","templated":true}]}}