{"id":664970,"date":"2026-01-15T09:06:21","date_gmt":"2026-01-15T09:06:21","guid":{"rendered":"https:\/\/www.europesays.com\/fr\/664970\/"},"modified":"2026-01-15T09:06:21","modified_gmt":"2026-01-15T09:06:21","slug":"ce-que-lon-sait-du-rare-dessin-de-hans-baldung-grien-decouvert-en-alsace","status":"publish","type":"post","link":"https:\/\/www.europesays.com\/fr\/664970\/","title":{"rendered":"ce que l&rsquo;on sait du rare dessin de Hans Baldung Grien d\u00e9couvert en Alsace"},"content":{"rendered":"<p>Ce jour de 1517, Susanna Pfeffinger, 50 ans, le regard \u00e9nigmatique, se tient de trois-quarts devant Hans Baldung Grien, artiste \u00ab\u00a0star\u00a0\u00bb du moment. Elle est v\u00eatue comme les dames d\u00e9votes de l\u2019\u00e9poque, avec bonnet et mentonni\u00e8re, la gorge couverte. Si le portrait de Susanna, pour \u00eatre expressif, para\u00eet classique, il a \u00e9t\u00e9 r\u00e9alis\u00e9 \u00e0 la pointe d\u2019argent sur papier pr\u00e9par\u00e9 \u00e0 la poudre d\u2019os. Baldung Grien a sans doute appris cette technique virtuose aupr\u00e8s d\u2019Albrecht D\u00fcrer. Il a \u00e9t\u00e9 form\u00e9 entre\u00a01503 et\u00a01507 dans l\u2019atelier du c\u00e9l\u00e8bre peintre et graveur allemand \u00e0 Nuremberg, et l\u2019a m\u00eame second\u00e9.<\/p>\n<p>N\u00e9e en 1465 \u00e0 S\u00e9lestat, Susanna a \u00e9pous\u00e9 Friedrich Prechter dont la puissante famille prosp\u00e8re \u00e0 Strasbourg dans le commerce du papier. L\u2019imprimerie a \u00ab\u00a0d\u00e9j\u00e0\u00a0\u00bb une soixantaine d\u2019ann\u00e9es, la fl\u00e8che de la cath\u00e9drale a,&#8230;<\/p>\n","protected":false},"excerpt":{"rendered":"Ce jour de 1517, Susanna Pfeffinger, 50 ans, le regard \u00e9nigmatique, se tient de trois-quarts devant Hans Baldung&hellip;\n","protected":false},"author":2,"featured_media":664971,"comment_status":"","ping_status":"","sticky":false,"template":"","format":"standard","meta":{"footnotes":""},"categories":[2820],"tags":[1111,11,2389,1687,2880,1777,674,2271,107,1011,27,775,12,25,640,2879],"class_list":{"0":"post-664970","1":"post","2":"type-post","3":"status-publish","4":"format-standard","5":"has-post-thumbnail","7":"category-strasbourg","8":"tag-actu","9":"tag-actualites","10":"tag-alsace","11":"tag-culture-loisirs","12":"tag-edition-strasbourg","13":"tag-eu","14":"tag-europe","15":"tag-exposition-arts-plastiques","16":"tag-fil-info","17":"tag-fr","18":"tag-france","19":"tag-grand-est","20":"tag-news","21":"tag-republique-francaise","22":"tag-strasbourg","23":"tag-strasbourg-ville"},"share_on_mastodon":{"url":"https:\/\/pubeurope.com\/@fr\/115898324516473834","error":""},"_links":{"self":[{"href":"https:\/\/www.europesays.com\/fr\/wp-json\/wp\/v2\/posts\/664970","targetHints":{"allow":["GET"]}}],"collection":[{"href":"https:\/\/www.europesays.com\/fr\/wp-json\/wp\/v2\/posts"}],"about":[{"href":"https:\/\/www.europesays.com\/fr\/wp-json\/wp\/v2\/types\/post"}],"author":[{"embeddable":true,"href":"https:\/\/www.europesays.com\/fr\/wp-json\/wp\/v2\/users\/2"}],"replies":[{"embeddable":true,"href":"https:\/\/www.europesays.com\/fr\/wp-json\/wp\/v2\/comments?post=664970"}],"version-history":[{"count":0,"href":"https:\/\/www.europesays.com\/fr\/wp-json\/wp\/v2\/posts\/664970\/revisions"}],"wp:featuredmedia":[{"embeddable":true,"href":"https:\/\/www.europesays.com\/fr\/wp-json\/wp\/v2\/media\/664971"}],"wp:attachment":[{"href":"https:\/\/www.europesays.com\/fr\/wp-json\/wp\/v2\/media?parent=664970"}],"wp:term":[{"taxonomy":"category","embeddable":true,"href":"https:\/\/www.europesays.com\/fr\/wp-json\/wp\/v2\/categories?post=664970"},{"taxonomy":"post_tag","embeddable":true,"href":"https:\/\/www.europesays.com\/fr\/wp-json\/wp\/v2\/tags?post=664970"}],"curies":[{"name":"wp","href":"https:\/\/api.w.org\/{rel}","templated":true}]}}