{"id":664974,"date":"2026-01-15T09:08:16","date_gmt":"2026-01-15T09:08:16","guid":{"rendered":"https:\/\/www.europesays.com\/fr\/664974\/"},"modified":"2026-01-15T09:08:16","modified_gmt":"2026-01-15T09:08:16","slug":"cent-filtres-a-nice-lartiste-toolate-encadre-les-megots-jetes-au-sol","status":"publish","type":"post","link":"https:\/\/www.europesays.com\/fr\/664974\/","title":{"rendered":"\u00ab\u00a0Cent filtres\u00a0\u00bb : \u00e0 Nice, l\u2019artiste Toolate encadre les m\u00e9gots jet\u00e9s au sol (\u2026)"},"content":{"rendered":"<p>                    <img loading=\"lazy\" decoding=\"async\" src=\"https:\/\/www.europesays.com\/fr\/wp-content\/uploads\/2026\/01\/9f410e7da8bc9e9c5d2f17c168fcc6.png\" class=\"img-responsive post-image\" width=\"680\" height=\"510\" alt=\"&quot;Cent filtres&quot; : \u00e0 Nice,\" title=\"&quot;Cent filtres&quot; : \u00e0 Nice, l'artiste Toolate encadre les m\u00e9gots jet\u00e9s au sol pour d\u00e9noncer l'incivisme\"\/><\/p>\n<p class=\"chapo\">L\u2019artiste Toolate a investi les rues de Nice avec une exposition \u00e9ph\u00e9m\u00e8re et percutante intitul\u00e9e \u00ab\u00a0Cent filtres\u00a0\u00bb. Jusqu\u2019au 31 janvier, cent m\u00e9gots jet\u00e9s sur la voie publique sont encadr\u00e9s par l\u2019artiste dans de petits cadres dor\u00e9s, accompagn\u00e9s d\u2019un cartel portant la mention\u00a0: \u00ab\u00a0la petite oeuvre d\u2019un gros con \u2013 auteur inconnu\u00a0\u00bb.<\/p>\n<p>Par cette performance artistique en plein air, Toolate d\u00e9tourne les codes du mus\u00e9e pour attirer l\u2019attention sur un geste encore banal pour un trop grand nombre de personnes et extr\u00eamement polluant\u00a0: jeter son m\u00e9got au sol. Chaque \u201c\u0153uvre\u201d devient ainsi un objet de r\u00e9flexion, \u00e0 la fois ironique et accusateur.<br class=\"texte\"\/><br \/>\nSur Instagram, l\u2019artiste pr\u00e9sente ainsi son projet\u00a0: \u00ab\u00a0Pour commencer 2026 en beaut\u00e9, je vous invite \u00e0 ma premi\u00e8re exposition de l\u2019ann\u00e9e, \u201cCent filtres\u201d. D\u00e9couvrez dans les rues de Nice, jusqu\u2019au 31 janvier, cent petites \u0153uvres uniques, porteuses d\u2019un grand message\u00a0: il est temps que les gros cons prennent enfin de bonnes r\u00e9solutions. Bonne ann\u00e9e \u00e0 tous\u00a0!\u00a0\u00bb<br class=\"autobr\"\/><br \/>\nEntre humour grin\u00e7ant et engagement \u00e9cologique, l\u2019artiste interpelle une nouvelle fois les passants et invite \u00e0 sa fa\u00e7on \u00e0 une prise de conscience\u00a0!<\/p>\n<blockquote class=\"instagram-media\" data-instgrm-captioned=\"\" data-instgrm-permalink=\"https:\/\/www.instagram.com\/p\/DTda5jnigpu\/?utm_source=ig_embed&amp;utm_campaign=loading\" data-instgrm-version=\"14\" style=\" background:#FFF; border:0; border-radius:3px; box-shadow:0 0 1px 0 rgba(0,0,0,0.5),0 1px 10px 0 rgba(0,0,0,0.15); margin: 1px; max-width:540px; min-width:326px; padding:0; width:99.375%; width:-webkit-calc(100% - 2px); width:calc(100% - 2px);\"\/>\n<p><br class=\"autobr\"\/><br \/>\nRelire <a href=\"https:\/\/www.petitesaffiches.fr\/environnement,101\/nice-plogging-la-course-au,39595.html\" target=\"_blank\" rel=\"noopener\">Nice Plogging\u00a0: la course aux d\u00e9chets<\/a><\/p>\n<p>Photo de une  \u00a9Toolate sur instagram<\/p>\n<p>            <script async src=\"\/\/www.instagram.com\/embed.js\"><\/script><\/p>\n","protected":false},"excerpt":{"rendered":"L\u2019artiste Toolate a investi les rues de Nice avec une exposition \u00e9ph\u00e9m\u00e8re et percutante intitul\u00e9e \u00ab\u00a0Cent filtres\u00a0\u00bb. Jusqu\u2019au&hellip;\n","protected":false},"author":2,"featured_media":664975,"comment_status":"","ping_status":"","sticky":false,"template":"","format":"standard","meta":{"footnotes":""},"categories":[2819],"tags":[1111,11,2408,1777,674,1011,27,12,2401,882,25],"class_list":{"0":"post-664974","1":"post","2":"type-post","3":"status-publish","4":"format-standard","5":"has-post-thumbnail","7":"category-nice","8":"tag-actu","9":"tag-actualites","10":"tag-appels-d","11":"tag-eu","12":"tag-europe","13":"tag-fr","14":"tag-france","15":"tag-news","16":"tag-nice","17":"tag-provence-alpes-cote-dazur","18":"tag-republique-francaise"},"share_on_mastodon":{"url":"https:\/\/pubeurope.com\/@fr\/115898332698326619","error":""},"_links":{"self":[{"href":"https:\/\/www.europesays.com\/fr\/wp-json\/wp\/v2\/posts\/664974","targetHints":{"allow":["GET"]}}],"collection":[{"href":"https:\/\/www.europesays.com\/fr\/wp-json\/wp\/v2\/posts"}],"about":[{"href":"https:\/\/www.europesays.com\/fr\/wp-json\/wp\/v2\/types\/post"}],"author":[{"embeddable":true,"href":"https:\/\/www.europesays.com\/fr\/wp-json\/wp\/v2\/users\/2"}],"replies":[{"embeddable":true,"href":"https:\/\/www.europesays.com\/fr\/wp-json\/wp\/v2\/comments?post=664974"}],"version-history":[{"count":0,"href":"https:\/\/www.europesays.com\/fr\/wp-json\/wp\/v2\/posts\/664974\/revisions"}],"wp:featuredmedia":[{"embeddable":true,"href":"https:\/\/www.europesays.com\/fr\/wp-json\/wp\/v2\/media\/664975"}],"wp:attachment":[{"href":"https:\/\/www.europesays.com\/fr\/wp-json\/wp\/v2\/media?parent=664974"}],"wp:term":[{"taxonomy":"category","embeddable":true,"href":"https:\/\/www.europesays.com\/fr\/wp-json\/wp\/v2\/categories?post=664974"},{"taxonomy":"post_tag","embeddable":true,"href":"https:\/\/www.europesays.com\/fr\/wp-json\/wp\/v2\/tags?post=664974"}],"curies":[{"name":"wp","href":"https:\/\/api.w.org\/{rel}","templated":true}]}}