{"id":664980,"date":"2026-01-15T09:11:11","date_gmt":"2026-01-15T09:11:11","guid":{"rendered":"https:\/\/www.europesays.com\/fr\/664980\/"},"modified":"2026-01-15T09:11:11","modified_gmt":"2026-01-15T09:11:11","slug":"france-musique-en-direct-de-la-folle-journee-de-nantes-du-30-janvier-au-1er-fevrier-2026_25-heures-dantenne","status":"publish","type":"post","link":"https:\/\/www.europesays.com\/fr\/664980\/","title":{"rendered":"France Musique en direct de la Folle Journ\u00e9e de Nantes du 30 janvier au 1er f\u00e9vrier 2026_25 heures d&rsquo;antenne"},"content":{"rendered":"<p style=\"font-size: 14px; color: #000000;  text-align: justify;\"><strong>France Musique est de retour \u00e0 la Folle Journ\u00e9e de Nantes<\/strong> pour le plus grand plaisir du public et des auditeurs. Au programme\u00a0: concerts, \u00e9missions, reportages\u2026 soit 25 heures d\u2019antenne\u00a0! <br \/>9 producteurs de France Musique animeront ce grand moment de radio: <strong>Denisa Kerschova, Saskia de Ville, Charlotte Landru-Chand\u00e8s, Aur\u00e9lie Moreau, \u00c9milie Munera, Gabrielle Oliveira Guyon, Nicolas Lafitte, J\u00e9r\u00e9mie Rousseau<\/strong> et <strong>Jean-Baptiste Urbain<\/strong>.<\/p>\n<p style=\"font-size: 14px; color: #000000;  text-align: justify;\">Le public pourra assister aux \u00e9missions dans le Studio France Musique ainsi qu\u2019aux animations (d\u00e9dicaces, rencontres\u2026) au c\u0153ur de la Cit\u00e9 des Congr\u00e8s de Nantes.<\/p>\n","protected":false},"excerpt":{"rendered":"France Musique est de retour \u00e0 la Folle Journ\u00e9e de Nantes pour le plus grand plaisir du public&hellip;\n","protected":false},"author":2,"featured_media":664981,"comment_status":"","ping_status":"","sticky":false,"template":"","format":"standard","meta":{"footnotes":""},"categories":[2818],"tags":[1111,11,1777,674,1011,27,766,12,2636,25],"class_list":{"0":"post-664980","1":"post","2":"type-post","3":"status-publish","4":"format-standard","5":"has-post-thumbnail","7":"category-nantes","8":"tag-actu","9":"tag-actualites","10":"tag-eu","11":"tag-europe","12":"tag-fr","13":"tag-france","14":"tag-nantes","15":"tag-news","16":"tag-pays-de-la-loire","17":"tag-republique-francaise"},"share_on_mastodon":{"url":"https:\/\/pubeurope.com\/@fr\/115898344203519075","error":""},"_links":{"self":[{"href":"https:\/\/www.europesays.com\/fr\/wp-json\/wp\/v2\/posts\/664980","targetHints":{"allow":["GET"]}}],"collection":[{"href":"https:\/\/www.europesays.com\/fr\/wp-json\/wp\/v2\/posts"}],"about":[{"href":"https:\/\/www.europesays.com\/fr\/wp-json\/wp\/v2\/types\/post"}],"author":[{"embeddable":true,"href":"https:\/\/www.europesays.com\/fr\/wp-json\/wp\/v2\/users\/2"}],"replies":[{"embeddable":true,"href":"https:\/\/www.europesays.com\/fr\/wp-json\/wp\/v2\/comments?post=664980"}],"version-history":[{"count":0,"href":"https:\/\/www.europesays.com\/fr\/wp-json\/wp\/v2\/posts\/664980\/revisions"}],"wp:featuredmedia":[{"embeddable":true,"href":"https:\/\/www.europesays.com\/fr\/wp-json\/wp\/v2\/media\/664981"}],"wp:attachment":[{"href":"https:\/\/www.europesays.com\/fr\/wp-json\/wp\/v2\/media?parent=664980"}],"wp:term":[{"taxonomy":"category","embeddable":true,"href":"https:\/\/www.europesays.com\/fr\/wp-json\/wp\/v2\/categories?post=664980"},{"taxonomy":"post_tag","embeddable":true,"href":"https:\/\/www.europesays.com\/fr\/wp-json\/wp\/v2\/tags?post=664980"}],"curies":[{"name":"wp","href":"https:\/\/api.w.org\/{rel}","templated":true}]}}