{"id":664984,"date":"2026-01-15T09:13:10","date_gmt":"2026-01-15T09:13:10","guid":{"rendered":"https:\/\/www.europesays.com\/fr\/664984\/"},"modified":"2026-01-15T09:13:10","modified_gmt":"2026-01-15T09:13:10","slug":"marie-julie-bonnin-vers-un-beau-combat-au-star-perche-de-bordeaux-samedi-24-janvier","status":"publish","type":"post","link":"https:\/\/www.europesays.com\/fr\/664984\/","title":{"rendered":"Marie-Julie Bonnin vers un beau combat au Star Perche de Bordeaux, samedi 24\u00a0janvier"},"content":{"rendered":"<p>Le Star Perche de Bordeaux a choisi cette ann\u00e9e le catch comme th\u00e8me de fond pour ses animations, et \u00e7a tombe bien. Un combat vedette s\u2019annonce entre <a href=\"https:\/\/www.sudouest.fr\/sport\/une-saison-avec-marie-julie-bonnin-ou-l-eclosion-d-une-perchiste-a-haut-niveau-22926659.php\" target=\"_blank\" rel=\"follow noopener\">Marie-Julie Bonnin<\/a>, la championne du monde en salle 2025, record \u00e0 4,75m, enfant du club organisateur, le Stade Bordelais, et la Br\u00e9silienne Juliana Campos, 29\u00a0ans et un record personnel \u00e0 4,76m. L\u2019Italienne Roberta Bruni et l\u2019Ukrainienne Maryna Kylypko, avec un record \u00e0 4,70 pour les deux, pourraient monter sur le ring fa\u00e7on catch \u00e0 quatre.<\/p>\n","protected":false},"excerpt":{"rendered":"Le Star Perche de Bordeaux a choisi cette ann\u00e9e le catch comme th\u00e8me de fond pour ses animations,&hellip;\n","protected":false},"author":2,"featured_media":664985,"comment_status":"","ping_status":"","sticky":false,"template":"","format":"standard","meta":{"footnotes":""},"categories":[2817],"tags":[1111,11,1997,1777,674,1011,27,12,2219,25],"class_list":{"0":"post-664984","1":"post","2":"type-post","3":"status-publish","4":"format-standard","5":"has-post-thumbnail","7":"category-bordeaux","8":"tag-actu","9":"tag-actualites","10":"tag-bordeaux","11":"tag-eu","12":"tag-europe","13":"tag-fr","14":"tag-france","15":"tag-news","16":"tag-nouvelle-aquitaine","17":"tag-republique-francaise"},"share_on_mastodon":{"url":"https:\/\/pubeurope.com\/@fr\/115898352192342863","error":""},"_links":{"self":[{"href":"https:\/\/www.europesays.com\/fr\/wp-json\/wp\/v2\/posts\/664984","targetHints":{"allow":["GET"]}}],"collection":[{"href":"https:\/\/www.europesays.com\/fr\/wp-json\/wp\/v2\/posts"}],"about":[{"href":"https:\/\/www.europesays.com\/fr\/wp-json\/wp\/v2\/types\/post"}],"author":[{"embeddable":true,"href":"https:\/\/www.europesays.com\/fr\/wp-json\/wp\/v2\/users\/2"}],"replies":[{"embeddable":true,"href":"https:\/\/www.europesays.com\/fr\/wp-json\/wp\/v2\/comments?post=664984"}],"version-history":[{"count":0,"href":"https:\/\/www.europesays.com\/fr\/wp-json\/wp\/v2\/posts\/664984\/revisions"}],"wp:featuredmedia":[{"embeddable":true,"href":"https:\/\/www.europesays.com\/fr\/wp-json\/wp\/v2\/media\/664985"}],"wp:attachment":[{"href":"https:\/\/www.europesays.com\/fr\/wp-json\/wp\/v2\/media?parent=664984"}],"wp:term":[{"taxonomy":"category","embeddable":true,"href":"https:\/\/www.europesays.com\/fr\/wp-json\/wp\/v2\/categories?post=664984"},{"taxonomy":"post_tag","embeddable":true,"href":"https:\/\/www.europesays.com\/fr\/wp-json\/wp\/v2\/tags?post=664984"}],"curies":[{"name":"wp","href":"https:\/\/api.w.org\/{rel}","templated":true}]}}