{"id":664986,"date":"2026-01-15T09:14:18","date_gmt":"2026-01-15T09:14:18","guid":{"rendered":"https:\/\/www.europesays.com\/fr\/664986\/"},"modified":"2026-01-15T09:14:18","modified_gmt":"2026-01-15T09:14:18","slug":"quatre-lieux-dexception-pour-un-mariage-a-toulouse-ou-aux-alentours","status":"publish","type":"post","link":"https:\/\/www.europesays.com\/fr\/664986\/","title":{"rendered":"Quatre lieux d&rsquo;exception pour un mariage \u00e0 Toulouse ou aux alentours"},"content":{"rendered":"<p><strong>Choisir son lieu de mariage<\/strong>, c\u2019est imaginer le d\u00e9cor qui figurera sur toutes les photos souvenirs, et qui participera \u00e0 faire de ce jour un moment magique. <strong>\u00c0 Toulouse et aux alentours, Miharu s\u2019est justement donn\u00e9 pour mission de d\u00e9nicher ces endroits<\/strong> o\u00f9 ces histoires prennent vie. <strong>Quatre lieux, quatre ambiances, et une m\u00eame priorit\u00e9\u00a0: des espaces pens\u00e9s pour recevoir, c\u00e9l\u00e9brer et accompagner dans ce qu\u2019on appelle le plus beau jour d\u2019une vie.<\/strong><\/p>\n<p>\u00a0<\/p>\n<p>Trouver le lieu parfait<\/p>\n<p>Dans une ancienne Orangerie baign\u00e9e de lumi\u00e8re, un domaine \u00e0 l&rsquo;esprit champ\u00eatre, en mode citadin, ou dans un d\u00e9cor typiquement toulousain; <a href=\"https:\/\/miharu-lp.webflow.io\/mariages\" target=\"_self\" rel=\"noopener\"><strong>Miharu<\/strong><\/a> <strong>met les petits plats dans les grands <\/strong>pour cette journ\u00e9e si sp\u00e9ciale. Et pour<strong> aider les futurs mari\u00e9s <\/strong>\u00e0 trouver l\u2019environnement qui leur ressemble,<strong> un service personnalis\u00e9 <\/strong>est de mise. <strong>Derri\u00e8re cette organisation, L\u00e9a et Marine, deux professionnelles de l\u2019\u00e9v\u00e9nementiel <\/strong>qui connaissent les lieux par c\u0153ur et accompagnent le couple du premier \u00e9change jusqu\u2019\u00e0 la derni\u00e8re danse.<strong> Elles r\u00e9pondent aux besoins, guident dans les choix, affinent les d\u00e9tails.<\/strong> Elles ajustent, conseillent, anticipent, et restent pr\u00e9sentes le jour J. <strong>Des \u00e9paules solides sur lesquelles s\u2019appuyer pour construire cette journ\u00e9e.<\/strong><\/p>\n<p>        <img decoding=\"async\" class=\"std-img__img responsive-img\" src=\"https:\/\/www.europesays.com\/fr\/wp-content\/uploads\/2026\/01\/1768468453_154_image.jpg\" alt=\"L\u00e9a et Marine vous accompagne de A \u00e0 Z pour cette journ\u00e9e magique\"\/><\/p>\n<p>                L\u00e9a et Marine vous accompagne de A \u00e0 Z pour cette journ\u00e9e magique<br \/>\n                                    \u00a9 Miharu<\/p>\n<p>\u00a0<\/p>\n<p>\u00a0<\/p>\n<p>Le Mas des Canelles, l\u2019\u00e9chapp\u00e9e douce<\/p>\n<p><strong>Pour celles et ceux qui r\u00eavent d\u2019un mariage boho, chill, \u00e0 ciel ouvert<\/strong>, le <strong>Mas des Canelles<\/strong> coche toutes les cases. <strong>Nich\u00e9 en bordure du Canal du Midi<\/strong> <strong>\u00e0 Castanet-Tolosan<\/strong>, ce lieu au charme toulousain se dresse comme une parenth\u00e8se hors du temps. <strong>Une b\u00e2tisse chaleureuse, de grands espaces ext\u00e9rieurs, deux vastes salles et des espaces plus intimistes\u2026 <\/strong>On imagine facilement une c\u00e9r\u00e9monie sous les arbres, les rayons du soleil qui traversent les feuillages, les enfants qui jouent et la soir\u00e9e qui commence doucement pendant que la nuit tombe. Un lieu qui respire, o\u00f9 l\u2019on prend le temps de c\u00e9l\u00e9brer.<\/p>\n<p>        <img decoding=\"async\" class=\"std-img__img responsive-img\" src=\"https:\/\/www.europesays.com\/fr\/wp-content\/uploads\/2026\/01\/1768468454_368_image.jpg\" alt=\"Le Mas des Canelles, Chemin des Canelles \u00e0 Castanet-Tolosan\"\/><\/p>\n<p>                Le Mas des Canelles, Chemin des Canelles \u00e0 Castanet-Tolosan<br \/>\n                                    \u00a9 Vardden<\/p>\n<p>\u00a0<\/p>\n<p>Le Manoir du Prince, l\u2019art de recevoir<\/p>\n<p>Changement d\u2019atmosph\u00e8re au <strong>Manoir du Prince<\/strong>. Ici, le mariage se vit dans <strong>un cadre bucolique et \u00e9l\u00e9gant<\/strong>, entre briques toulousaines, c\u00e8dres centenaires et inspirations contemporaines. Les sculptures se d\u00e9couvrent au fil de la promenade, les tableaux color\u00e9s habillent les murs, et la magie prend vie. Puis, quand vient l\u2019heure de passer \u00e0 table,<strong> le restaurant semi-gastronomique nich\u00e9 au\u00a0c\u0153ur du lieu propose des menus de saison adaptables, sublim\u00e9s par un service haut de gamme.<\/strong><\/p>\n<p>        <img decoding=\"async\" class=\"std-img__img responsive-img\" src=\"https:\/\/www.europesays.com\/fr\/wp-content\/uploads\/2026\/01\/1768468455_860_image.jpg\" alt=\"Le Manoir du Prince, 999 Route de Seysses \u00e0 Portet-sur-Garonne\"\/><\/p>\n<p>                Le Manoir du Prince, 999 Route de Seysses \u00e0 Portet-sur-Garonne<br \/>\n                                    \u00a9 Jonathan Continente<\/p>\n<blockquote>\n<p>\u00c0 lire aussi\u00a0: <a href=\"https:\/\/www.toulouscope.fr\/2025\/10\/06\/un-manoir-historique-a-15min-de-toulouse-se-reinvente-en-table-gastronomique-12966924.php\" target=\"_self\" rel=\"noopener\">Un manoir historique \u00e0 15min de Toulouse se r\u00e9invente en table gastronomique<\/a><\/p>\n<\/blockquote>\n<p>L\u2019Orangerie Bonrepos-Riquet, un cocon champ\u00eatre charg\u00e9 d&rsquo;histoire<\/p>\n<p><strong>\u00c0 l\u2019est de Toulouse, l\u2019Orangerie Bonrepos-Riquet <\/strong>s\u2019adresse aux amateurs de<strong> mariages champ\u00eatres<\/strong> et de grands espaces. Charg\u00e9 d\u2019histoire,<strong> le domaine r\u00e9nov\u00e9 du XVIIIe si\u00e8cle<\/strong> offre une salle \u00e0 l\u2019architecture unique,<strong> une terrasse avec vue sur le ch\u00e2teau et les coteaux et sur les Pyr\u00e9n\u00e9es, et une cour abrit\u00e9e gr\u00e2ce \u00e0 une tente nomade de 150 m\u00b2. <\/strong>Id\u00e9al pour les r\u00e9ceptions qui aiment m\u00ealer nature, patrimoine, confort et grandes tabl\u00e9es.<\/p>\n<p>        <img decoding=\"async\" class=\"std-img__img responsive-img\" src=\"https:\/\/www.europesays.com\/fr\/wp-content\/uploads\/2026\/01\/1768468456_366_image.jpg\" alt=\"Salle de r\u00e9ception de l\u2019Orangerie\"\/><\/p>\n<p>                Salle de r\u00e9ception de l\u2019Orangerie<br \/>\n                                    \u00a9<\/p>\n<p>\u00a0<\/p>\n<p>Hall M, le \u00ab\u00a0oui\u00a0\u00bb version ville<\/p>\n<p><strong>Pour les couples plus citadins, Hall M <\/strong>propose une tout autre \u00e9nergie. <strong>En plein c\u0153ur de Toulouse<\/strong>, ce lieu atypique m\u00e9lange belle \u00e9poque et modernit\u00e9 avec des lignes plus contemporaines. Un <strong>espace enti\u00e8rement modulable<\/strong>, o\u00f9 la d\u00e9coration est soign\u00e9e jusque dans les moindres d\u00e9tails, et o\u00f9 la vue sur l\u2019architecture toulousaine fait le reste\u2026<\/p>\n<p>        <img decoding=\"async\" class=\"std-img__img responsive-img\" src=\"https:\/\/www.europesays.com\/fr\/wp-content\/uploads\/2026\/01\/1768468457_662_image.jpg\" alt=\"Hall M, 64 Bd Pierre S\u00e9mard \u00e0 Toulouse\"\/><\/p>\n<p>                Hall M, 64 Bd Pierre S\u00e9mard \u00e0 Toulouse<br \/>\n                                    \u00a9 Mathilde B.<\/p>\n<p>\u00a0<\/p>\n<p>Un accompagnement de A \u00e0 Z<\/p>\n<p><strong>Miharu propose quatre lieux d\u2019exception\u00a0aux identit\u00e9s compl\u00e9mentaires<\/strong>, avec<strong>\u00a0<\/strong>toujours<strong> le m\u00eame esprit attentionn\u00e9 port\u00e9 par L\u00e9a et Marine.<\/strong> Elles accompagnent chaque projet avec soin, sans prestataires impos\u00e9s mais avec<strong> une liste de partenaires de confiance.<\/strong> Le mobilier est sur place, les espaces ext\u00e9rieurs sont toujours attenants aux salles, et une solution de repli est pr\u00e9vue en cas de pluie ou de fortes chaleurs. <strong>Le jour J, une personne de confiance, choisie par L\u00e9a et Marine, est pr\u00e9sente du d\u00e9but \u00e0 la fin, pour assurer la logistique, la s\u00e9curit\u00e9, et permettre aux mari\u00e9s de l\u00e2cher prise.\u00a0 <\/strong><\/p>\n<p>        <img decoding=\"async\" class=\"std-img__img responsive-img\" src=\"https:\/\/www.europesays.com\/fr\/wp-content\/uploads\/2026\/01\/1768468458_554_image.jpg\" alt=\"Un accompagnement de A \u00e0 Z qui assure aux mari\u00e9s de profiter pleinement du Jour J\"\/><\/p>\n<p>                Un accompagnement de A \u00e0 Z qui assure aux mari\u00e9s de profiter pleinement du Jour J<br \/>\n                                    \u00a9 Th\u00e9o Jalixon<\/p>\n<p><strong>Un service personnalis\u00e9 pour mariages, mais aussi anniversaires, r\u00e9unions de famille ou grandes c\u00e9l\u00e9brations<\/strong> jusqu\u2019\u00e0 250 personnes. <strong>Miharu red\u00e9finit la f\u00eate. Pour plus d&rsquo;infos <a href=\"https:\/\/miharu-lp.webflow.io\/mariages?utm_source=mariages&amp;utm_medium=mariagestoulouscope&amp;utm_campaign=toulouscopemariages\" target=\"_self\" rel=\"noopener\">rendez-vous juste ici.<\/a><\/strong><\/p>\n<p>\n            Lieu :<br \/>\n            Miharu\n        <\/p>\n<p>\n            Contact :<br \/>\n            L\u00e9a Franc et Marine Chevalier\n        <\/p>\n","protected":false},"excerpt":{"rendered":"Choisir son lieu de mariage, c\u2019est imaginer le d\u00e9cor qui figurera sur toutes les photos souvenirs, et qui&hellip;\n","protected":false},"author":2,"featured_media":664987,"comment_status":"","ping_status":"","sticky":false,"template":"","format":"standard","meta":{"footnotes":""},"categories":[2816],"tags":[1111,11,7400,1777,674,1011,27,12,2680,25,2312],"class_list":{"0":"post-664986","1":"post","2":"type-post","3":"status-publish","4":"format-standard","5":"has-post-thumbnail","7":"category-toulouse","8":"tag-actu","9":"tag-actualites","10":"tag-bonnes-adresses","11":"tag-eu","12":"tag-europe","13":"tag-fr","14":"tag-france","15":"tag-news","16":"tag-occitanie","17":"tag-republique-francaise","18":"tag-toulouse"},"share_on_mastodon":{"url":"https:\/\/pubeurope.com\/@fr\/115898356265979092","error":""},"_links":{"self":[{"href":"https:\/\/www.europesays.com\/fr\/wp-json\/wp\/v2\/posts\/664986","targetHints":{"allow":["GET"]}}],"collection":[{"href":"https:\/\/www.europesays.com\/fr\/wp-json\/wp\/v2\/posts"}],"about":[{"href":"https:\/\/www.europesays.com\/fr\/wp-json\/wp\/v2\/types\/post"}],"author":[{"embeddable":true,"href":"https:\/\/www.europesays.com\/fr\/wp-json\/wp\/v2\/users\/2"}],"replies":[{"embeddable":true,"href":"https:\/\/www.europesays.com\/fr\/wp-json\/wp\/v2\/comments?post=664986"}],"version-history":[{"count":0,"href":"https:\/\/www.europesays.com\/fr\/wp-json\/wp\/v2\/posts\/664986\/revisions"}],"wp:featuredmedia":[{"embeddable":true,"href":"https:\/\/www.europesays.com\/fr\/wp-json\/wp\/v2\/media\/664987"}],"wp:attachment":[{"href":"https:\/\/www.europesays.com\/fr\/wp-json\/wp\/v2\/media?parent=664986"}],"wp:term":[{"taxonomy":"category","embeddable":true,"href":"https:\/\/www.europesays.com\/fr\/wp-json\/wp\/v2\/categories?post=664986"},{"taxonomy":"post_tag","embeddable":true,"href":"https:\/\/www.europesays.com\/fr\/wp-json\/wp\/v2\/tags?post=664986"}],"curies":[{"name":"wp","href":"https:\/\/api.w.org\/{rel}","templated":true}]}}