{"id":664988,"date":"2026-01-15T09:15:12","date_gmt":"2026-01-15T09:15:12","guid":{"rendered":"https:\/\/www.europesays.com\/fr\/664988\/"},"modified":"2026-01-15T09:15:12","modified_gmt":"2026-01-15T09:15:12","slug":"collision-entre-une-voiture-et-une-moto-un-homme-de-63-ans-trouve-la-mort-dans-un-accident-pres-de-toulouse","status":"publish","type":"post","link":"https:\/\/www.europesays.com\/fr\/664988\/","title":{"rendered":"Collision entre une voiture et une moto\u00a0: un homme de 63 ans trouve la mort dans un accident, pr\u00e8s de Toulouse"},"content":{"rendered":"<p>\n                                                                    l&rsquo;essentiel<br \/>\n                                                                Un motard de 63 ans a trouv\u00e9 la mort apr\u00e8s une violente collision avec une voiture, jeudi 15\u00a0janvier 2026, vers 6\u00a0heures, pr\u00e8s de Toulouse.\n                            <\/p>\n<p>Nouvelle matin\u00e9e tragique sur les routes de Haute-Garonne. Ce jeudi 15\u00a0janvier 2026, vers 6\u00a0heures, une collision entre une voiture et une moto s\u2019est produite sur la commune d\u2019Aussonne, pr\u00e8s de Toulouse.<\/p>\n<p>Route coup\u00e9e dans les deux sens<\/p>\n<p>L\u2019accident est survenu sur la route de Seilh. Dans le choc, le pilote du deux-roues, un homme de 63 ans, a \u00e9t\u00e9 gri\u00e8vement bless\u00e9. En arr\u00eat cardio-respiratoire \u00e0 l\u2019arriv\u00e9e des sapeurs-pompiers du SDIS 31, il n\u2019a malheureusement pu \u00eatre ranim\u00e9 et a \u00e9t\u00e9 d\u00e9clar\u00e9 mort sur place par le m\u00e9decin du Smur.<\/p>\n<p>La route de Seilh a \u00e9t\u00e9 coup\u00e9e dans les deux sens, le temps pour les secours de mener \u00e0 bien leurs op\u00e9rations. Un v\u00e9hicule de secours routier et une ambulance ont \u00e9t\u00e9 d\u00e9ploy\u00e9s sur les lieux, ainsi qu\u2019une petite dizaine de pompiers.<\/p>\n<p>D\u00e9j\u00e0 trois morts en 2026<\/p>\n<p>La gendarmerie a ouvert une enqu\u00eate pour d\u00e9terminer les circonstances exactes de ce nouveau drame, qui porte d\u00e9j\u00e0 \u00e0 trois le nombre de morts depuis le d\u00e9but de l\u2019ann\u00e9e 2026 sur les routes de Haute-Garonne.<\/p>\n<p>Sur les 59 morts enregistr\u00e9s l\u2019an dernier dans le d\u00e9partement, 19 \u00e9taient des motards.<\/p>\n","protected":false},"excerpt":{"rendered":"l&rsquo;essentiel Un motard de 63 ans a trouv\u00e9 la mort apr\u00e8s une violente collision avec une voiture, jeudi&hellip;\n","protected":false},"author":2,"featured_media":664989,"comment_status":"","ping_status":"","sticky":false,"template":"","format":"standard","meta":{"footnotes":""},"categories":[2816],"tags":[3085,1111,11,1777,674,118,1011,27,2722,12,2680,25,2312],"class_list":{"0":"post-664988","1":"post","2":"type-post","3":"status-publish","4":"format-standard","5":"has-post-thumbnail","7":"category-toulouse","8":"tag-accidents","9":"tag-actu","10":"tag-actualites","11":"tag-eu","12":"tag-europe","13":"tag-faits-divers","14":"tag-fr","15":"tag-france","16":"tag-haute-garonne","17":"tag-news","18":"tag-occitanie","19":"tag-republique-francaise","20":"tag-toulouse"},"share_on_mastodon":{"url":"https:\/\/pubeurope.com\/@fr\/115898359657911844","error":""},"_links":{"self":[{"href":"https:\/\/www.europesays.com\/fr\/wp-json\/wp\/v2\/posts\/664988","targetHints":{"allow":["GET"]}}],"collection":[{"href":"https:\/\/www.europesays.com\/fr\/wp-json\/wp\/v2\/posts"}],"about":[{"href":"https:\/\/www.europesays.com\/fr\/wp-json\/wp\/v2\/types\/post"}],"author":[{"embeddable":true,"href":"https:\/\/www.europesays.com\/fr\/wp-json\/wp\/v2\/users\/2"}],"replies":[{"embeddable":true,"href":"https:\/\/www.europesays.com\/fr\/wp-json\/wp\/v2\/comments?post=664988"}],"version-history":[{"count":0,"href":"https:\/\/www.europesays.com\/fr\/wp-json\/wp\/v2\/posts\/664988\/revisions"}],"wp:featuredmedia":[{"embeddable":true,"href":"https:\/\/www.europesays.com\/fr\/wp-json\/wp\/v2\/media\/664989"}],"wp:attachment":[{"href":"https:\/\/www.europesays.com\/fr\/wp-json\/wp\/v2\/media?parent=664988"}],"wp:term":[{"taxonomy":"category","embeddable":true,"href":"https:\/\/www.europesays.com\/fr\/wp-json\/wp\/v2\/categories?post=664988"},{"taxonomy":"post_tag","embeddable":true,"href":"https:\/\/www.europesays.com\/fr\/wp-json\/wp\/v2\/tags?post=664988"}],"curies":[{"name":"wp","href":"https:\/\/api.w.org\/{rel}","templated":true}]}}