{"id":664990,"date":"2026-01-15T09:17:10","date_gmt":"2026-01-15T09:17:10","guid":{"rendered":"https:\/\/www.europesays.com\/fr\/664990\/"},"modified":"2026-01-15T09:17:10","modified_gmt":"2026-01-15T09:17:10","slug":"psg-lille-angers-om-lens-auxerre-toutes-les-infos-avant-la-18e-journee-de-championnat-en-live","status":"publish","type":"post","link":"https:\/\/www.europesays.com\/fr\/664990\/","title":{"rendered":"PSG-Lille, Angers-OM, Lens-Auxerre&#8230; toutes les infos avant la 18e journ\u00e9e de championnat en live"},"content":{"rendered":"<p>09h55<\/p>\n<p>\u00ab\u00a0Le plan pour Paul ne fonctionne pas comme pr\u00e9vu\u00a0\u00bb, Monaco impuissant face aux difficult\u00e9s physiques de Pogba<\/p>\n<p>Pr\u00e9sent en conf\u00e9rence de presse mercredi, Thiago Scuro a admis que le retour de Paul Pogba prenait plus de temps que pr\u00e9vu. Le directeur sportif de l&rsquo;AS Monaco veut n\u00e9anmoins continuer de croire que le Fran\u00e7ais puisse inverser la tendance.<\/p>\n<p>&gt;&gt;&gt; <a href=\"https:\/\/rmcsport.bfmtv.com\/football\/ligue-1\/le-plan-pour-paul-ne-fonctionne-pas-comme-prevu-monaco-impuissant-face-aux-difficultes-physiques-de-pogba_AN-202601140659.html\" title=\"&quot;Le plan pour Paul ne fonctionne pas comme pr\u00e9vu&quot;, Monaco impuissant face aux difficult\u00e9s physiques de Pogba\" class=\"internal_link\" target=\"_blank\" rel=\"noopener\">O\u00f9 en est Paul Pogba? Les r\u00e9ponses de l&rsquo;AS Monaco<\/a><\/p>\n<p>09h43<\/p>\n<p>Bonjour \u00e0 tous et bienvenue dans ce live consacr\u00e9 \u00e0 la 18e journ\u00e9e de Ligue 1<\/p>\n<p>La 18e journ\u00e9e de Ligue 1 s&rsquo;ouvre vendredi avec deux matchs au programme: Monaco-Lorient et PSG-Lille.<\/p>\n<p>En attendant, retrouvez dans ce live RMC Sport toutes les informations et les d\u00e9clarations.<\/p>\n","protected":false},"excerpt":{"rendered":"09h55 \u00ab\u00a0Le plan pour Paul ne fonctionne pas comme pr\u00e9vu\u00a0\u00bb, Monaco impuissant face aux difficult\u00e9s physiques de Pogba&hellip;\n","protected":false},"author":2,"featured_media":664991,"comment_status":"","ping_status":"","sticky":false,"template":"","format":"standard","meta":{"footnotes":""},"categories":[2815],"tags":[1111,11,1777,674,1011,27,811,1307,12,25],"class_list":{"0":"post-664990","1":"post","2":"type-post","3":"status-publish","4":"format-standard","5":"has-post-thumbnail","7":"category-lille","8":"tag-actu","9":"tag-actualites","10":"tag-eu","11":"tag-europe","12":"tag-fr","13":"tag-france","14":"tag-hauts-de-france","15":"tag-lille","16":"tag-news","17":"tag-republique-francaise"},"share_on_mastodon":{"url":"https:\/\/pubeurope.com\/@fr\/115898367602198788","error":""},"_links":{"self":[{"href":"https:\/\/www.europesays.com\/fr\/wp-json\/wp\/v2\/posts\/664990","targetHints":{"allow":["GET"]}}],"collection":[{"href":"https:\/\/www.europesays.com\/fr\/wp-json\/wp\/v2\/posts"}],"about":[{"href":"https:\/\/www.europesays.com\/fr\/wp-json\/wp\/v2\/types\/post"}],"author":[{"embeddable":true,"href":"https:\/\/www.europesays.com\/fr\/wp-json\/wp\/v2\/users\/2"}],"replies":[{"embeddable":true,"href":"https:\/\/www.europesays.com\/fr\/wp-json\/wp\/v2\/comments?post=664990"}],"version-history":[{"count":0,"href":"https:\/\/www.europesays.com\/fr\/wp-json\/wp\/v2\/posts\/664990\/revisions"}],"wp:featuredmedia":[{"embeddable":true,"href":"https:\/\/www.europesays.com\/fr\/wp-json\/wp\/v2\/media\/664991"}],"wp:attachment":[{"href":"https:\/\/www.europesays.com\/fr\/wp-json\/wp\/v2\/media?parent=664990"}],"wp:term":[{"taxonomy":"category","embeddable":true,"href":"https:\/\/www.europesays.com\/fr\/wp-json\/wp\/v2\/categories?post=664990"},{"taxonomy":"post_tag","embeddable":true,"href":"https:\/\/www.europesays.com\/fr\/wp-json\/wp\/v2\/tags?post=664990"}],"curies":[{"name":"wp","href":"https:\/\/api.w.org\/{rel}","templated":true}]}}