{"id":665033,"date":"2026-01-15T09:41:10","date_gmt":"2026-01-15T09:41:10","guid":{"rendered":"https:\/\/www.europesays.com\/fr\/665033\/"},"modified":"2026-01-15T09:41:10","modified_gmt":"2026-01-15T09:41:10","slug":"le-premier-tour-corse-des-francais","status":"publish","type":"post","link":"https:\/\/www.europesays.com\/fr\/665033\/","title":{"rendered":"le premier tour cors\u00e9 des Fran\u00e7ais"},"content":{"rendered":"<p>\n    Les joueurs fran\u00e7ais n\u2019ont pas \u00e9t\u00e9 g\u00e2t\u00e9s par le tirage au sort de l\u2019Open (18 janvier-1er f\u00e9vrier).<\/p>\n<p class=\"fig-paragraph\">Les joueurs fran\u00e7ais qui s\u2019avan\u00e7aient avec des ambitions modestes savent que la t\u00e2che sera ardue au premier tour de l&rsquo;Open d&rsquo;Australie (18 janvier-1er f\u00e9vrier), \u00e0 la suite du\u00a0<a href=\"http:\/\/www.lefigaro.fr\/sports\/tennis\/open-australie\/open-d-australie-novak-djokovic-pourrait-se-dresser-sur-la-route-de-jannik-sinner-20260115\" data-fig-type=\"NewsFlash\" data-gtm-custom-categorie=\"navigation\" data-gtm-custom-action=\"crossclick\" data-gtm-custom-label=\"Contextuel\" data-gtm-event=\"customEventSPE\" data-fig-domain=\"LEFIGARO\" target=\"_blank\" rel=\"noopener\">tirage au sort r\u00e9alis\u00e9 jeudi \u00e0 Melbourne<\/a>. Sarah Rakotomanga d\u00e9fiera Aryna Sabalenka (BLR\/N.1), Ugo Humbert se mesurera \u00e0 Ben Shelton (USA\/N.8), Hugo Gaston sera oppos\u00e9 \u00e0 Jannik Sinner (ITA\/N.2).<\/p>\n<p class=\"fig-paragraph\">Simple dames\u00a0:<br \/>Elsa Jacquemot (FRA) &#8211; Marta Kostyuk (UKR\/t\u00eate de s\u00e9rie N.20)<br \/>Varvara Gracheva (FRA) &#8211; Viktorija Golubic (SUI)<br \/>L\u00e9olia Jeanjean (FRA) &#8211; Maria Sakkari (GRE)<br \/>Sarah Rakotomanga (FRA) &#8211; Aryna Sabalenka (BLR\/N.1)<\/p>\n<p>                                            <a class=\"fig-a11y-skip\" href=\"#fig-a11y-skip-main-inarticle\" data-module=\"a11y-skip\" data-context=\"was @visible\"><br \/>\n    Passer la publicit\u00e9<br \/>\n<\/a>            <\/p>\n<p class=\"fig-paragraph\">Simple messieurs\u00a0:<br \/>Arthur Rinderknech (FRA\/t\u00eate de s\u00e9rie N.24) &#8211; Fabian Marozsan (HUN)<br \/>Corentin Moutet (FRA\/N.32) &#8211; Tristan Schoolkate (AUS)<br \/>Ugo Humbert (FRA) &#8211; Ben Shelton (USA\/N.8)<br \/>Alexandre M\u00fcller (FRA) &#8211; Alexei Popyrin (AUS)<br \/>Valentin Royer (FRA) &#8211; Taylor Fritz (USA\/N.9)<br \/>Giovanni Mpetshi Perricard (FRA) &#8211; Sebastian Baez (ARG)<br \/>Terence Atmane (FRA) &#8211; Francesco Maestrelli (ITA)<br \/>Arthur Cazaux (FRA) &#8211; Jaime Faria (POR)<br \/>Adrian Mannarino (FRA) &#8211; Rinky Hijikata (AUS)<br \/>Quentin Halys (FRA) &#8211; Alejandro Tabilo (CHI)<br \/>Hugo Gaston (FRA) &#8211; Jannik Sinner (ITA\/N.2)<br \/>Benjamin Bonzi (FRA) &#8211; Cameron Norrie (GBR\/N.26)<br \/>Ga\u00ebl Monfils (FRA) &#8211; Dane Sweeny (AUS)<br \/>Kyrian Jacquet (FRA) &#8211; Emilio Nava (USA)<br \/>Arthur Gea (FRA) &#8211; Jiri Lehecka (CZE\/N.17)<\/p>\n","protected":false},"excerpt":{"rendered":"Les joueurs fran\u00e7ais n\u2019ont pas \u00e9t\u00e9 g\u00e2t\u00e9s par le tirage au sort de l\u2019Open (18 janvier-1er f\u00e9vrier). Les&hellip;\n","protected":false},"author":2,"featured_media":665034,"comment_status":"","ping_status":"","sticky":false,"template":"","format":"standard","meta":{"footnotes":""},"categories":[1415],"tags":[47,4169,105,2199,1011,27,1114,35225,1960,4175,1980,60,1467,4170],"class_list":{"0":"post-665033","1":"post","2":"type-post","3":"status-publish","4":"format-standard","5":"has-post-thumbnail","7":"category-tennis","8":"tag-actualite","9":"tag-atp","10":"tag-djokovic","11":"tag-federer","12":"tag-fr","13":"tag-france","14":"tag-infos","15":"tag-murray","16":"tag-nadal","17":"tag-open-daustralie","18":"tag-resultats","19":"tag-sports","20":"tag-tennis","21":"tag-wta"},"share_on_mastodon":{"url":"https:\/\/pubeurope.com\/@fr\/115898461897010386","error":""},"_links":{"self":[{"href":"https:\/\/www.europesays.com\/fr\/wp-json\/wp\/v2\/posts\/665033","targetHints":{"allow":["GET"]}}],"collection":[{"href":"https:\/\/www.europesays.com\/fr\/wp-json\/wp\/v2\/posts"}],"about":[{"href":"https:\/\/www.europesays.com\/fr\/wp-json\/wp\/v2\/types\/post"}],"author":[{"embeddable":true,"href":"https:\/\/www.europesays.com\/fr\/wp-json\/wp\/v2\/users\/2"}],"replies":[{"embeddable":true,"href":"https:\/\/www.europesays.com\/fr\/wp-json\/wp\/v2\/comments?post=665033"}],"version-history":[{"count":0,"href":"https:\/\/www.europesays.com\/fr\/wp-json\/wp\/v2\/posts\/665033\/revisions"}],"wp:featuredmedia":[{"embeddable":true,"href":"https:\/\/www.europesays.com\/fr\/wp-json\/wp\/v2\/media\/665034"}],"wp:attachment":[{"href":"https:\/\/www.europesays.com\/fr\/wp-json\/wp\/v2\/media?parent=665033"}],"wp:term":[{"taxonomy":"category","embeddable":true,"href":"https:\/\/www.europesays.com\/fr\/wp-json\/wp\/v2\/categories?post=665033"},{"taxonomy":"post_tag","embeddable":true,"href":"https:\/\/www.europesays.com\/fr\/wp-json\/wp\/v2\/tags?post=665033"}],"curies":[{"name":"wp","href":"https:\/\/api.w.org\/{rel}","templated":true}]}}