{"id":665039,"date":"2026-01-15T09:47:12","date_gmt":"2026-01-15T09:47:12","guid":{"rendered":"https:\/\/www.europesays.com\/fr\/665039\/"},"modified":"2026-01-15T09:47:12","modified_gmt":"2026-01-15T09:47:12","slug":"nous-sommes-desormais-sereins-apres-la-ceremonie-la-fille-develyne-leclercq-et-ses-enfants-prennent-la-parole","status":"publish","type":"post","link":"https:\/\/www.europesays.com\/fr\/665039\/","title":{"rendered":"\u00ab\u00a0Nous sommes d\u00e9sormais sereins\u00a0\u00bb : apr\u00e8s la c\u00e9r\u00e9monie, la fille d\u2019Evelyne Leclercq et ses enfants prennent la parole"},"content":{"rendered":"<p>                <img loading=\"lazy\" decoding=\"async\" src=\"https:\/\/www.europesays.com\/fr\/wp-content\/uploads\/2025\/04\/144-64f8c016610ee-35x35-1.jpg\" class=\"author-article-picture\" width=\"35\" height=\"35\"\/><\/p>\n<p>                    Par<\/p>\n<p>                                            <a class=\"author-article-bio-link\" href=\"https:\/\/www.purepeople.com\/auteur\/louise-martin_a144\" target=\"_blank\" rel=\"noopener\">Louise Martin<\/a><\/p>\n<p>                    |<\/p>\n<p>                                            R\u00e9dactrice<\/p>\n<p>\n                Koh Lanta, Les Marseillais mais aussi Mari\u00e9s au Premier regards\u2026 Louise Martin est une t\u00e9l\u00e9vore qui essaye, \u00e0 ses heures perdues, de refaire les g\u00e2teaux qu\u2019elle admire devant le Meilleur P\u00e2tissier\u2026 mais elle ne risque pas de gagner le tablier bleu ! Les r\u00e9seaux sociaux n\u2019ont pas de secret pour elle, les derniers scoops, les derni\u00e8res \u00e9missions, elle les conna\u00eet tous.\n            <\/p>\n<p>\n    La c\u00e9r\u00e9monie d\u2019adieu d\u00e9di\u00e9e \u00e0 Evelyne Leclercq a eu lieu ce mardi 13 janvier 2026, l\u2019occasion pour sa famille et ses proches de lui rendre un dernier hommage. Le lendemain de ce dernier voyage, sa fille a publi\u00e9 un message sur les r\u00e9seaux sociaux, ses enfants et elle se sentent \u00ab\u00a0d\u00e9sormais sereins\u00a0\u00bb.\n<\/p>\n<p>                            <img loading=\"lazy\" decoding=\"async\" class=\"player-thumbnail\" src=\"https:\/\/www.europesays.com\/fr\/wp-content\/uploads\/2026\/01\/53f1da8e175b511e-580x326-1.jpg\" width=\"580\" height=\"326\"\/><\/p>\n<p>                            \u00ab\u00a0Nous sommes d\u00e9sormais sereins\u00a0\u00bb : apr\u00e8s la c\u00e9r\u00e9monie, la fille d\u2019Evelyne Leclercq et ses enfants prennent la parole<\/p>\n<p>La suite apr\u00e8s la publicit\u00e9<\/p>\n<p>Un dernier au revoir. <a href=\"https:\/\/www.purepeople.com\/article\/evelyne-leclercq-celebre-animatrice-de-tournez-manege-nous-a-quittes-a-lage-de-74-ans_a546029\/1\" target=\"_blank\" rel=\"noopener\">Evelyne Leclercq nous a quitt\u00e9s \u00e0 l\u2019\u00e2ge de 74 ans de suites d\u2019une longue maladie<\/a> \u00e0 la fin de l&rsquo;ann\u00e9e 2025, et ce mardi 13 janvier 2026, sa famille et ses proches ont pu lui rendre hommage lors d\u2019une c\u00e9r\u00e9monie qui s\u2019est tenue \u00e0 Nice, sa ville de coeur, en la cath\u00e9drale Sainte-R\u00e9parate. Plusieurs personnalit\u00e9s ont \u00e9t\u00e9 aper\u00e7ues \u00e0 cette occasion comme <a href=\"https:\/\/www.purepeople.com\/article\/evelyne-leclercq-il-y-a-meprise-sur-la-presence-de-jean-pierre-foucault-a-nice-en-realite-son-epouse-avait-un-lien-particulier-avec-lex-animatrice_a546399\/1\" target=\"_blank\" rel=\"noopener\">Jean-Pierre Foucault venu soutenir sa femme qui \u00e9tait une amie d\u2019enfance<\/a> de l\u2019ex-pr\u00e9sentatrice <a href=\"https:\/\/www.purepeople.com\/article\/evelyne-leclercq-adepte-dun-mode-de-vie-atypique-avec-ses-maris-elle-assumait-aussi-aimer-les-jeunes-hommes-des-gens-qui-avaient-lage-de-ma-fille_a546034\/1\" target=\"_blank\" rel=\"noopener\">connue pour ses nombreuses et jeunes conqu\u00eates<\/a>, ou encore Fabienne \u00c9gal, son ancienne acolyte de Tournez man\u00e8ge. Simone Garnier, la troisi\u00e8me membre du trio de l\u2019\u00e9mission culte de TF1, n\u2019a quant \u00e0 elle pas pu faire le d\u00e9placement depuis Lyon, en raison de son \u00e9tat de sant\u00e9.<\/p>\n<p><a href=\"https:\/\/www.purepeople.com\/article\/evelyne-leclercq-sa-fille-celine-et-ses-trois-petits-enfants-tom-benjamin-et-ondine-presents-pour-lui-dire-au-revoir_a546371\/1\" target=\"_blank\" rel=\"noopener\">Sa fille C\u00e9line Olive, n\u00e9e de son union avec Jacques Olive, et ses trois petits-enfants Tom, Benjamin et Ondine, ont bien s\u00fbr r\u00e9pondu pr\u00e9sent<\/a>, et se sont empar\u00e9s des r\u00e9seaux sociaux d\u2019Evelyne Leclercq le lendemain de son dernier voyage. Sur le compte Instagram de l\u2019ancienne animatrice, ils sont revenus sur cette c\u00e9r\u00e9monie charg\u00e9e d\u2019\u00e9motions dans une publication commune. \u00ab\u00a0Une journ\u00e9e que nous avons travers\u00e9 dans la lumi\u00e8re, la s\u00e9r\u00e9nit\u00e9 et l\u2019amour de tous tel que le souhaitait ma maman. <strong>Nous sommes d\u00e9sormais sereins de la savoir en paix et continuerons de marcher ensemble dans la lumi\u00e8re<\/strong>\u00ab\u00a0, \u00e9crivent-il en l\u00e9gende d\u2019une photo d\u2019eux accompagnant le cercueil d\u2019Evelyne \u00e0 la sortie de la c\u00e9r\u00e9monie, \u00ab\u00a0Merci pour votre chaleureux soutien \u00e0 toute notre famille durant cette journ\u00e9e. C\u00e9line, Benjamin, Ondine &amp; Tom.\u00a0\u00bb<\/p>\n<p>Des consignes bien pr\u00e9cises pour les obs\u00e8ques d\u2019Evelyne Leclercq<\/p>\n<p>Si sur le clich\u00e9 post\u00e9 sur Instagram, la famille d\u2019Evelyne est toute de blanc v\u00eatue, c\u2019est en raison d\u2019une <a href=\"https:\/\/www.purepeople.com\/article\/evelyne-leclercq-ces-consignes-tres-claires-donnees-aux-invites-pour-son-dernier-voyage_a546367\/1\" target=\"_blank\" rel=\"noopener\">deux consignes adress\u00e9es aux invit\u00e9s de la c\u00e9r\u00e9monie.<\/a> Elle concernait la tenue des participants : contrairement aux usages habituels, il avait \u00e9t\u00e9 demand\u00e9 de ne pas porter de noir mais plut\u00f4t <strong>\u00ab\u00a0une tenue blanche ou claire\u00a0\u00bb<\/strong>, un choix symbolique repr\u00e9sentant l\u2019envie d\u2019honorer la vie de l\u2019animatrice plut\u00f4t que la tristesse du deuil. La seconde directive se rapportait aux hommages floraux et encourageait les invit\u00e9s \u00e0 faire des dons en faveur de la recherche contre le cancer plut\u00f4t que d\u2019envoyer des fleurs et des couronnes.<\/p>\n","protected":false},"excerpt":{"rendered":"Par Louise Martin | R\u00e9dactrice Koh Lanta, Les Marseillais mais aussi Mari\u00e9s au Premier regards\u2026 Louise Martin est&hellip;\n","protected":false},"author":2,"featured_media":665040,"comment_status":"","ping_status":"","sticky":false,"template":"","format":"standard","meta":{"footnotes":""},"categories":[1359],"tags":[58,59,1011,27,973],"class_list":{"0":"post-665039","1":"post","2":"type-post","3":"status-publish","4":"format-standard","5":"has-post-thumbnail","7":"category-people","8":"tag-divertissement","9":"tag-entertainment","10":"tag-fr","11":"tag-france","12":"tag-people"},"share_on_mastodon":{"url":"https:\/\/pubeurope.com\/@fr\/115898485942145534","error":""},"_links":{"self":[{"href":"https:\/\/www.europesays.com\/fr\/wp-json\/wp\/v2\/posts\/665039","targetHints":{"allow":["GET"]}}],"collection":[{"href":"https:\/\/www.europesays.com\/fr\/wp-json\/wp\/v2\/posts"}],"about":[{"href":"https:\/\/www.europesays.com\/fr\/wp-json\/wp\/v2\/types\/post"}],"author":[{"embeddable":true,"href":"https:\/\/www.europesays.com\/fr\/wp-json\/wp\/v2\/users\/2"}],"replies":[{"embeddable":true,"href":"https:\/\/www.europesays.com\/fr\/wp-json\/wp\/v2\/comments?post=665039"}],"version-history":[{"count":0,"href":"https:\/\/www.europesays.com\/fr\/wp-json\/wp\/v2\/posts\/665039\/revisions"}],"wp:featuredmedia":[{"embeddable":true,"href":"https:\/\/www.europesays.com\/fr\/wp-json\/wp\/v2\/media\/665040"}],"wp:attachment":[{"href":"https:\/\/www.europesays.com\/fr\/wp-json\/wp\/v2\/media?parent=665039"}],"wp:term":[{"taxonomy":"category","embeddable":true,"href":"https:\/\/www.europesays.com\/fr\/wp-json\/wp\/v2\/categories?post=665039"},{"taxonomy":"post_tag","embeddable":true,"href":"https:\/\/www.europesays.com\/fr\/wp-json\/wp\/v2\/tags?post=665039"}],"curies":[{"name":"wp","href":"https:\/\/api.w.org\/{rel}","templated":true}]}}