{"id":665041,"date":"2026-01-15T09:48:13","date_gmt":"2026-01-15T09:48:13","guid":{"rendered":"https:\/\/www.europesays.com\/fr\/665041\/"},"modified":"2026-01-15T09:48:13","modified_gmt":"2026-01-15T09:48:13","slug":"4-expositions-a-voir-gratuitement-en-janvier-a-paris","status":"publish","type":"post","link":"https:\/\/www.europesays.com\/fr\/665041\/","title":{"rendered":"4 expositions \u00e0 voir gratuitement en janvier \u00e0 Paris"},"content":{"rendered":"<p>Genevi\u00e8ve Claisse. Geometry of color \u00e0 la galerie A&amp;R Fleury (36 Av. Matignon, 75008 Paris), jusqu&rsquo;au 10 f\u00e9vrier 2026.<\/p>\n<p>L\u00e9on Wuidar \u00e0 la galerie White Cube (Paris)<\/p>\n<p>Artiste belge de 87 ans, <strong>L\u00e9on Wuidar<\/strong> n&rsquo;a jamais vu sa notori\u00e9t\u00e9 d\u00e9border au-del\u00e0 des fronti\u00e8res belges. Pourtant, dans son pays natal, ce peintre originaire de Wallonie (o\u00f9 il vit et travaille aujourd&rsquo;hui encore) figure dans toutes les collections des plus grands mus\u00e9es, ainsi que dans celles des collectionneurs belges d&rsquo;envergure, comme <strong>Rodolphe<\/strong> <strong>Janssen<\/strong>. Repr\u00e9sent\u00e9e depuis six ans par la galerie londonienne White Cube, l&rsquo;\u0153uvre de <strong>Wuidar<\/strong> fait depuis plusieurs ann\u00e9es l&rsquo;objet d&rsquo;une red\u00e9couverte, permise notamment par le mus\u00e9e Haus Konstruktiv de Zurich ou le mus\u00e9e des Arts Contemporains du Grand-Hornu \u00e0 Boussu, en Belgique. En 2025, c&rsquo;est trois \u0153uvres que le <a href=\"https:\/\/www.vogue.fr\/dossier\/centre-pompidou\" isautogenerated=\"true\" target=\"_blank\" rel=\"noopener\">Centre Pompidou<\/a> acquiert.<\/p>\n<p>\u00c0 la galerie White Cube, l&rsquo;exposition consacr\u00e9e \u00e0 <strong>L\u00e9on Wuidar<\/strong> se concentre principalement autour des ann\u00e9es 1960 et 1970, durant lesquelles son \u0153uvre se fait le miroir de l&rsquo;<a href=\"https:\/\/www.vogue.fr\/dossier\/architecture\" isautogenerated=\"true\" target=\"_blank\" rel=\"noopener\">architecture<\/a> brutaliste d&rsquo;apr\u00e8s-guerre, tout en m\u00ealant certaines influences surr\u00e9alistes. En r\u00e9sulte une vingtaine de tableaux aux formes pop, mais aux couleurs plus ternes, directement issus du studio de l&rsquo;artiste, ou de sa collection personnelle (dont les prix varient entre 17 000 \u20ac pour le plus petit format, et 73 000 \u20ac). S&rsquo;y d\u00e9ploie l&rsquo;humour de <strong>L\u00e9on Wuidar<\/strong>, qui consid\u00e8re la toile comme un espace de jeu qui rend son \u0153uvre fascinante. Un univers \u00e0 d\u00e9couvrir \u00e0 la galerie White Cube, ouverte sur rendez-vous.<\/p>\n<p><img decoding=\"async\" alt=\"Lon Wuidar Apparition ao\u00fbt 1970\" loading=\"lazy\" class=\"ResponsiveImageContainer-eNxvmU cfBbTk responsive-image__image\"   src=\"https:\/\/www.europesays.com\/fr\/wp-content\/uploads\/2026\/01\/Leon%20Wuidar%20-%20Apparition,%20aout%201970%20-%201970.jpeg\"\/><\/p>\n<p>L\u00e9on Wuidar, Apparition, ao\u00fbt 1970, 1970. Oil on canvas. 80 x 120.3 cm | 31 1\/2 x 47 3\/8 in.\u00a9 DACS 2025. Photo \u00a9 White Cube (Nicolas Brasseur)<\/p>\n<p>L\u00e9on Wuidar chez White Cube (10 Av. Matignon, 75008 Paris), \u00e0 partir du 14 janvier et jusqu&rsquo;au 21 f\u00e9vrier 2026.<\/p>\n<p>Edi Hila \u00e0 la galerie Mitterrand<\/p>\n<p>La gamme chromatique des \u0153uvres d&rsquo;<strong>Edi Hila<\/strong> refl\u00e8te sa vie en tant qu&rsquo;artiste. N\u00e9 en 1944 en Albanie, son parcours se fait le miroir de l&rsquo;histoire de son pays, \u00e0 la fois politique et sociale. Une histoire fig\u00e9e, notamment depuis la chute du r\u00e9gime communiste en 1992. La situation \u00e9conomique de l&rsquo;Albanie en est la preuve, tout comme les centaines de milliers de r\u00e9fugi\u00e9s qui fuient leur pays pour migrer vers la France ou l&rsquo;Allemagne. Des migrations qui ne cessent de choquer et d&rsquo;interroger <strong>Edi Hila<\/strong>, qui a fait du mouvement le c\u0153ur n\u00e9vralgique de ses peintures au cours des ann\u00e9es 2010.<\/p>\n","protected":false},"excerpt":{"rendered":"Genevi\u00e8ve Claisse. Geometry of color \u00e0 la galerie A&amp;R Fleury (36 Av. Matignon, 75008 Paris), jusqu&rsquo;au 10 f\u00e9vrier&hellip;\n","protected":false},"author":2,"featured_media":665042,"comment_status":"","ping_status":"","sticky":false,"template":"","format":"standard","meta":{"footnotes":""},"categories":[1358],"tags":[11,3734,1348,1384,1385,1386,58,59,1349,1011,27,626],"class_list":{"0":"post-665041","1":"post","2":"type-post","3":"status-publish","4":"format-standard","5":"has-post-thumbnail","7":"category-arts-et-design","8":"tag-actualites","9":"tag-art","10":"tag-arts","11":"tag-arts-and-design","12":"tag-arts-et-design","13":"tag-design","14":"tag-divertissement","15":"tag-entertainment","16":"tag-expositions","17":"tag-fr","18":"tag-france","19":"tag-paris"},"share_on_mastodon":{"url":"https:\/\/pubeurope.com\/@fr\/115898489467167438","error":""},"_links":{"self":[{"href":"https:\/\/www.europesays.com\/fr\/wp-json\/wp\/v2\/posts\/665041","targetHints":{"allow":["GET"]}}],"collection":[{"href":"https:\/\/www.europesays.com\/fr\/wp-json\/wp\/v2\/posts"}],"about":[{"href":"https:\/\/www.europesays.com\/fr\/wp-json\/wp\/v2\/types\/post"}],"author":[{"embeddable":true,"href":"https:\/\/www.europesays.com\/fr\/wp-json\/wp\/v2\/users\/2"}],"replies":[{"embeddable":true,"href":"https:\/\/www.europesays.com\/fr\/wp-json\/wp\/v2\/comments?post=665041"}],"version-history":[{"count":0,"href":"https:\/\/www.europesays.com\/fr\/wp-json\/wp\/v2\/posts\/665041\/revisions"}],"wp:featuredmedia":[{"embeddable":true,"href":"https:\/\/www.europesays.com\/fr\/wp-json\/wp\/v2\/media\/665042"}],"wp:attachment":[{"href":"https:\/\/www.europesays.com\/fr\/wp-json\/wp\/v2\/media?parent=665041"}],"wp:term":[{"taxonomy":"category","embeddable":true,"href":"https:\/\/www.europesays.com\/fr\/wp-json\/wp\/v2\/categories?post=665041"},{"taxonomy":"post_tag","embeddable":true,"href":"https:\/\/www.europesays.com\/fr\/wp-json\/wp\/v2\/tags?post=665041"}],"curies":[{"name":"wp","href":"https:\/\/api.w.org\/{rel}","templated":true}]}}