{"id":665057,"date":"2026-01-15T09:57:12","date_gmt":"2026-01-15T09:57:12","guid":{"rendered":"https:\/\/www.europesays.com\/fr\/665057\/"},"modified":"2026-01-15T09:57:12","modified_gmt":"2026-01-15T09:57:12","slug":"sa-remuneration-va-passer-de-17-a-15-en-fevrier-annonce-le-ministre-de-leconomie","status":"publish","type":"post","link":"https:\/\/www.europesays.com\/fr\/665057\/","title":{"rendered":"sa r\u00e9mun\u00e9ration va passer de 1,7% \u00e0 1,5% en f\u00e9vrier, annonce le ministre de l&rsquo;Economie"},"content":{"rendered":"\n<p class=\"c-chapo \">\n  Le calcul prend en compte d&rsquo;une part un taux d\u00e9pendant de la politique mon\u00e9taire de la Banque centrale europ\u00e9enne et d&rsquo;autre part l&rsquo;inflation hors tabac du deuxi\u00e8me semestre 2025.\n<\/p>\n<p>      lire plus tard<\/p>\n<p id=\"dialog__title\" class=\"dialog__title\">Pour sauvegarder cet article, connectez-vous ou cr\u00e9ez un compte franceinfo<\/p>\n<p class=\"dialog__description\">Sans paiement. Sans abonnement.<\/p>\n<p>        Fermer la fen\u00eatre d\u2019activation des notifications France Info<\/p>\n<p>      cr\u00e9er votre compte<\/p>\n<p>      se connecter<\/p>\n<p>      :<\/p>\n<p>        Fermer la fen\u00eatre de pr\u00e9sentation<\/p>\n<p>    <img loading=\"lazy\" decoding=\"async\" class=\"signature__image lazyload\" width=\"100\" height=\"100\" data- alt=\"\" src=\"https:\/\/www.europesays.com\/fr\/wp-content\/uploads\/2025\/06\/64a55fd777de4_placeholder-36b69ec8.png\"\/><\/p>\n<p>    Publi\u00e9 le 15\/01\/2026 09:31<\/p>\n<p>      Mis \u00e0 jour le 15\/01\/2026 09:38<\/p>\n<p>        Temps de lecture : 2min<\/p>\n<p>    <img decoding=\"async\"  alt=\"Le taux du Livret A sera abaiss\u00e9 une nouvelle fois au 1er f\u00e9vrier 2026. (DENIS CHARLET \/ AFP)\" width=\"432\" height=\"243\" src=\"https:\/\/www.europesays.com\/fr\/wp-content\/uploads\/2026\/01\/000-92rh3g3-6968a6aecbee8823608165.jpg\" fetchpriority=\"high\"\/><\/p>\n<p>      Le taux du Livret A sera abaiss\u00e9 une nouvelle fois au 1er f\u00e9vrier 2026. (DENIS CHARLET \/ AFP)<\/p>\n<p>Le placement d&rsquo;\u00e9pargne pr\u00e9f\u00e9r\u00e9 des Fran\u00e7ais sera moins rentable. Le taux de r\u00e9mun\u00e9ration du <a href=\"https:\/\/www.franceinfo.fr\/economie\/votre-argent\/livret-a\/le-taux-du-livret-a-va-baisser-legerement-au-1er-fevrier-confirme-le-ministre-de-l-economie-et-des-finances-roland-lescure_7742836.html\" target=\"_blank\" rel=\"noopener\">Livret A<\/a> va passer de 1,7% \u00e0 1,5% \u00e0 compter du 1er f\u00e9vrier, a annonc\u00e9 le ministre de l&rsquo;Economie, Roland Lescure, jeudi 15 janvier. Le taux du <a href=\"https:\/\/www.franceinfo.fr\/economie\/votre-argent\/livret-a\/livret-a-ldds-lep-pel-quels-interets-allez-vous-toucher-au-1er-janvier-grace-a-vos-livrets-d-epargne_6983399.html\" target=\"_blank\" rel=\"noopener\">Livret d&rsquo;\u00e9pargne populaire<\/a>, r\u00e9serv\u00e9 aux \u00e9pargnants modestes, est fix\u00e9 \u00e0 2,5%, contre 2,7% jusqu&rsquo;\u00e0 pr\u00e9sent. <\/p>\n<p>\u00ab\u00a0Le Livret A est un support d&rsquo;\u00e9pargne privil\u00e9gi\u00e9 pour les Fran\u00e7ais. Avec ce nouveau taux sup\u00e9rieur \u00e0 l&rsquo;inflation, le pouvoir d&rsquo;achat des m\u00e9nages est pr\u00e9serv\u00e9\u00a0\u00bb, a d\u00e9clar\u00e9 le locataire de Bercy, cit\u00e9 dans un communiqu\u00e9. Le calcul du taux, r\u00e9f\u00e9rence du march\u00e9 de l&rsquo;\u00e9pargne en France, prend en compte d&rsquo;une part un taux d\u00e9pendant de la politique mon\u00e9taire de la Banque centrale europ\u00e9enne (BCE) et d&rsquo;autre part l&rsquo;inflation hors tabac du deuxi\u00e8me semestre 2025. C&rsquo;est cette deuxi\u00e8me composante qui plombe le taux du Livret\u00a0A car la hausse des prix a consid\u00e9rablement ralenti en France, au b\u00e9n\u00e9fice du pouvoir d&rsquo;achat des Fran\u00e7ais.<\/p>\n<p>C&rsquo;est par ailleurs l&rsquo;argument du pouvoir d&rsquo;achat qui a pr\u00e9valu pour d\u00e9cider le gouverneur de la Banque de France, Fran\u00e7ois Villeroy de Galhau, \u00e0 \u00ab\u00a0limiter la baisse\u00a0\u00bb du taux en le proposant \u00e0 1,5%, alors que la formule de calcul donnait 1,4%. Le gouverneur dispose en effet d&rsquo;un pouvoir de d\u00e9rogation \u00e0 la r\u00e8gle de calcul s&rsquo;il le juge n\u00e9cessaire. Ce pouvoir, exerc\u00e9 de concert avec le locataire de Bercy, avait d&rsquo;ailleurs \u00e9t\u00e9 mis en \u0153uvre entre ao\u00fbt 2023 et janvier 2025, cette fois-ci au d\u00e9triment des \u00e9pargnants : le taux du Livret\u00a0A avait \u00e9t\u00e9 pendant 18 mois inf\u00e9rieur \u00e0 ce qu&rsquo;il aurait d\u00fb \u00eatre si la formule avait strictement \u00e9t\u00e9 appliqu\u00e9e.<\/p>\n","protected":false},"excerpt":{"rendered":"Le calcul prend en compte d&rsquo;une part un taux d\u00e9pendant de la politique mon\u00e9taire de la Banque centrale&hellip;\n","protected":false},"author":2,"featured_media":665058,"comment_status":"","ping_status":"","sticky":false,"template":"","format":"standard","meta":{"footnotes":""},"categories":[6],"tags":[35,33,34,1011,27],"class_list":{"0":"post-665057","1":"post","2":"type-post","3":"status-publish","4":"format-standard","5":"has-post-thumbnail","7":"category-economie","8":"tag-business","9":"tag-economie","10":"tag-economy","11":"tag-fr","12":"tag-france"},"share_on_mastodon":{"url":"https:\/\/pubeurope.com\/@fr\/115898524973239900","error":""},"_links":{"self":[{"href":"https:\/\/www.europesays.com\/fr\/wp-json\/wp\/v2\/posts\/665057","targetHints":{"allow":["GET"]}}],"collection":[{"href":"https:\/\/www.europesays.com\/fr\/wp-json\/wp\/v2\/posts"}],"about":[{"href":"https:\/\/www.europesays.com\/fr\/wp-json\/wp\/v2\/types\/post"}],"author":[{"embeddable":true,"href":"https:\/\/www.europesays.com\/fr\/wp-json\/wp\/v2\/users\/2"}],"replies":[{"embeddable":true,"href":"https:\/\/www.europesays.com\/fr\/wp-json\/wp\/v2\/comments?post=665057"}],"version-history":[{"count":0,"href":"https:\/\/www.europesays.com\/fr\/wp-json\/wp\/v2\/posts\/665057\/revisions"}],"wp:featuredmedia":[{"embeddable":true,"href":"https:\/\/www.europesays.com\/fr\/wp-json\/wp\/v2\/media\/665058"}],"wp:attachment":[{"href":"https:\/\/www.europesays.com\/fr\/wp-json\/wp\/v2\/media?parent=665057"}],"wp:term":[{"taxonomy":"category","embeddable":true,"href":"https:\/\/www.europesays.com\/fr\/wp-json\/wp\/v2\/categories?post=665057"},{"taxonomy":"post_tag","embeddable":true,"href":"https:\/\/www.europesays.com\/fr\/wp-json\/wp\/v2\/tags?post=665057"}],"curies":[{"name":"wp","href":"https:\/\/api.w.org\/{rel}","templated":true}]}}