{"id":665059,"date":"2026-01-15T09:58:12","date_gmt":"2026-01-15T09:58:12","guid":{"rendered":"https:\/\/www.europesays.com\/fr\/665059\/"},"modified":"2026-01-15T09:58:12","modified_gmt":"2026-01-15T09:58:12","slug":"les-etats-unis-suspendent-le-traitement-des-demandes-de-visa-dimmigration-pour-les-ressortissants-de-75-pays","status":"publish","type":"post","link":"https:\/\/www.europesays.com\/fr\/665059\/","title":{"rendered":"Les \u00c9tats-Unis suspendent le traitement des demandes de visa d&rsquo;immigration pour les ressortissants de 75 pays"},"content":{"rendered":"<p>\n         Publi\u00e9 le<br \/>\n            14\/01\/2026 &#8211; 19:44 UTC+1\n            <\/p>\n<p>Les \u00c9tats-Unis ont d\u00e9clar\u00e9 mercredi qu&rsquo;ils suspendaient le traitement des visas d&rsquo;immigrant de 75 pays, la derni\u00e8re mesure du pr\u00e9sident Donald Trump contre les \u00e9trangers cherchant \u00e0 venir en Am\u00e9rique.<\/p>\n<p>Les \u00c9tats-Unis rejettent depuis longtemps les visas des personnes qui semblent susceptibles de finir par avoir besoin de l&rsquo;aide sociale du gouvernement, mais le d\u00e9partement d&rsquo;\u00c9tat a d\u00e9clar\u00e9 qu&rsquo;il utiliserait d\u00e9sormais la m\u00eame autorit\u00e9 pour une suspension g\u00e9n\u00e9rale des visas d&rsquo;immigrant bas\u00e9s sur la nationalit\u00e9.<\/p>\n<p>\u00ab\u00a0L&rsquo;administration Trump met fin \u00e0 l&rsquo;abus du syst\u00e8me d&rsquo;immigration am\u00e9ricain par ceux qui veulent extraire la richesse du peuple am\u00e9ricain\u00a0\u00bb, a d\u00e9clar\u00e9 Tommy Pigott, porte-parole du d\u00e9partement d&rsquo;\u00c9tat.<\/p>\n<p>\u00ab\u00a0Le traitement des visas d&rsquo;immigrant en provenance de ces 75 pays sera mis en pause pendant que le d\u00e9partement d&rsquo;\u00c9tat r\u00e9\u00e9value les proc\u00e9dures de traitement de l&rsquo;immigration afin d&#8217;emp\u00eacher l&rsquo;entr\u00e9e de ressortissants \u00e9trangers qui s&#8217;empareraient de l&rsquo;aide sociale et des prestations publiques.\u00a0\u00bb<\/p>\n<p>La secr\u00e9taire de presse de la Maison-Blanche, Karoline Leavitt, a indiqu\u00e9 sur X que les pays concern\u00e9s incluraient la Somalie, dont M. Trump a attaqu\u00e9 le peuple en termes virulents apr\u00e8s que des immigr\u00e9s ont \u00e9t\u00e9 impliqu\u00e9s dans un scandale de financement dans le Minnesota, ainsi que la Russie et l&rsquo;Iran.<\/p>\n<p>Leavitt a renvoy\u00e9 \u00e0 un article de Fox News selon lequel les autres pays concern\u00e9s incluraient un certain nombre de pays entretenant des relations amicales avec les \u00c9tats-Unis, notamment le Br\u00e9sil, l&rsquo;\u00c9gypte et la Tha\u00eflande.<\/p>\n<p>Le d\u00e9partement d&rsquo;\u00c9tat n&rsquo;a pas imm\u00e9diatement publi\u00e9 la liste compl\u00e8te des pays.<\/p>\n<p>Donald Trump n&rsquo;a jamais cach\u00e9 son d\u00e9sir de r\u00e9duire l&rsquo;immigration des personnes qui ne sont pas d&rsquo;origine europ\u00e9enne.<\/p>\n<p>Il a qualifi\u00e9 les Somaliens d'\u00a0\u00bbordures\u00a0\u00bb qui devraient \u00ab\u00a0retourner d&rsquo;o\u00f9 ils viennent\u00a0\u00bb et a d\u00e9clar\u00e9 qu&rsquo;il \u00e9tait ouvert \u00e0 l&rsquo;installation de Scandinaves aux \u00c9tats-Unis.<\/p>\n<p>Le d\u00e9partement d&rsquo;\u00c9tat a d\u00e9clar\u00e9 lundi qu&rsquo;il avait r\u00e9voqu\u00e9 plus de 100 000 visas depuis le retour de Trump, un record en un an.<\/p>\n<p>Le mois dernier, le d\u00e9partement de la s\u00e9curit\u00e9 int\u00e9rieure a d\u00e9clar\u00e9 que l&rsquo;administration Trump avait expuls\u00e9 plus de 605 000 personnes et que 2,5 millions d&rsquo;autres \u00e9taient parties d&rsquo;elles-m\u00eames.<\/p>\n<p>Cette derni\u00e8re mesure n&rsquo;affecte pas les visas de tourisme, d&rsquo;affaires ou autres, y compris pour les supporters de football souhaitant se rendre \u00e0 la Coupe du monde de cette ann\u00e9e, bien que l&rsquo;administration Trump se soit engag\u00e9e \u00e0 v\u00e9rifier l&rsquo;historique des m\u00e9dias sociaux de tous les demandeurs.<\/p>\n<p>Sources additionnelles<strong> \u2022 AFP<\/strong><\/p>\n","protected":false},"excerpt":{"rendered":"Publi\u00e9 le 14\/01\/2026 &#8211; 19:44 UTC+1 Les \u00c9tats-Unis ont d\u00e9clar\u00e9 mercredi qu&rsquo;ils suspendaient le traitement des visas d&rsquo;immigrant&hellip;\n","protected":false},"author":2,"featured_media":665060,"comment_status":"","ping_status":"","sticky":false,"template":"","format":"standard","meta":{"footnotes":""},"categories":[5],"tags":[11,75,1866,1011,27,1061,14,78,1251,12,4392,28],"class_list":{"0":"post-665059","1":"post","2":"type-post","3":"status-publish","4":"format-standard","5":"has-post-thumbnail","7":"category-international","8":"tag-actualites","9":"tag-donald-trump","10":"tag-etats-unis-damerique","11":"tag-fr","12":"tag-france","13":"tag-immigration","14":"tag-international","15":"tag-maison-blanche","16":"tag-migrants","17":"tag-news","18":"tag-visa","19":"tag-world"},"share_on_mastodon":{"url":"https:\/\/pubeurope.com\/@fr\/115898528879605029","error":""},"_links":{"self":[{"href":"https:\/\/www.europesays.com\/fr\/wp-json\/wp\/v2\/posts\/665059","targetHints":{"allow":["GET"]}}],"collection":[{"href":"https:\/\/www.europesays.com\/fr\/wp-json\/wp\/v2\/posts"}],"about":[{"href":"https:\/\/www.europesays.com\/fr\/wp-json\/wp\/v2\/types\/post"}],"author":[{"embeddable":true,"href":"https:\/\/www.europesays.com\/fr\/wp-json\/wp\/v2\/users\/2"}],"replies":[{"embeddable":true,"href":"https:\/\/www.europesays.com\/fr\/wp-json\/wp\/v2\/comments?post=665059"}],"version-history":[{"count":0,"href":"https:\/\/www.europesays.com\/fr\/wp-json\/wp\/v2\/posts\/665059\/revisions"}],"wp:featuredmedia":[{"embeddable":true,"href":"https:\/\/www.europesays.com\/fr\/wp-json\/wp\/v2\/media\/665060"}],"wp:attachment":[{"href":"https:\/\/www.europesays.com\/fr\/wp-json\/wp\/v2\/media?parent=665059"}],"wp:term":[{"taxonomy":"category","embeddable":true,"href":"https:\/\/www.europesays.com\/fr\/wp-json\/wp\/v2\/categories?post=665059"},{"taxonomy":"post_tag","embeddable":true,"href":"https:\/\/www.europesays.com\/fr\/wp-json\/wp\/v2\/tags?post=665059"}],"curies":[{"name":"wp","href":"https:\/\/api.w.org\/{rel}","templated":true}]}}