{"id":665065,"date":"2026-01-15T10:03:11","date_gmt":"2026-01-15T10:03:11","guid":{"rendered":"https:\/\/www.europesays.com\/fr\/665065\/"},"modified":"2026-01-15T10:03:11","modified_gmt":"2026-01-15T10:03:11","slug":"deviations-et-travaux-place-du-19-mars-et-rue-du-vexin-ville-de-saint-etienne-du-rouvray","status":"publish","type":"post","link":"https:\/\/www.europesays.com\/fr\/665065\/","title":{"rendered":"D\u00e9viations et travaux place du 19 mars et rue du V\u00e9xin &#8211; Ville de Saint-\u00c9tienne-du-Rouvray"},"content":{"rendered":"<p class=\"article-date\">\n\t\t\t\t\tS\u00e9curit\u00e9\t\t\t\t\t\t\t\t\t\t\t&#8211; 15 janvier 2026\t\t\t\t\t\t\t\t\t<\/p>\n<p><strong>Les intemp\u00e9ries de d\u00e9but janvier (neiges et temp\u00eate Goretti) ont caus\u00e9 d\u2019importants d\u00e9g\u00e2ts dans les canalisations souterraines de la rue du Vexin, aux abords de l\u2019\u00e9cole Amp\u00e8re et de la ludoth\u00e8que Louis-Aragon.<\/strong><\/p>\n<p>Un trou s\u2019est form\u00e9 dans la rue, emp\u00eachant l\u2019acc\u00e8s \u00e0 plusieurs voies dont le grand parking de la place du 19 mars 1962. Des travaux vont \u00eatre entrepris pendant plusieurs semaines<\/p>\n<p>\ufeff<\/p>\n<p>Nature des travaux :<\/p>\n<ul>\n<li>R\u00e9paration des canalisations d\u2019eau potable.<\/li>\n<li>R\u00e9paration des canalisations d\u2019eau pluviale ainsi que les avaloirs et diff\u00e9rents branchements de canalisation.<\/li>\n<li>Retravaille du sol d\u00e9compact\u00e9 par l\u2019eau ayant ravin\u00e9 en souterrain, pour s\u00e9curiser la solidit\u00e9 des r\u00e9parations et la remise en circulation.<\/li>\n<\/ul>\n<p>Impact des travaux\u00a0:<\/p>\n<ul>\n<li class=\"x_x_MsoListParagraph\"><b>Fermeture de la place du 19 Mars 1962<\/b> pour une dur\u00e9e de 2 \u00e0 4 semaines. Dur\u00e9e susceptible d\u2019\u00eatre allong\u00e9e selon les pr\u00e9conisations n\u00e9cessaires au chantier.<\/li>\n<li class=\"x_x_MsoListParagraph\"><strong>Fermeture de la circulation sur le<\/strong> <b>tron\u00e7on rue du Vexin<\/b> de la rue Amp\u00e8re \u00e0 la rue des Ardennes (acc\u00e8s aux riverains maintenu).<\/li>\n<li class=\"x_x_MsoListParagraph\">Changement de l\u2019acc\u00e8s \u00e0 l\u2019\u00e9cole maternelle Amp\u00e8re.<\/li>\n<li>D\u00e9viations mises en place.<\/li>\n<li class=\"x_x_MsoListParagraph\">Eau : pas d\u2019impact sur l\u2019\u00e9cole, ni la ludoth\u00e8que.<\/li>\n<\/ul>\n<p>Fin des travaux estim\u00e9e :<\/p>\n<p>Mi-f\u00e9vrier 2026.<\/p>\n","protected":false},"excerpt":{"rendered":"S\u00e9curit\u00e9 &#8211; 15 janvier 2026 Les intemp\u00e9ries de d\u00e9but janvier (neiges et temp\u00eate Goretti) ont caus\u00e9 d\u2019importants d\u00e9g\u00e2ts&hellip;\n","protected":false},"author":2,"featured_media":665066,"comment_status":"","ping_status":"","sticky":false,"template":"","format":"standard","meta":{"footnotes":""},"categories":[9653],"tags":[1111,11,2430,1777,674,1011,27,12,25,4001],"class_list":{"0":"post-665065","1":"post","2":"type-post","3":"status-publish","4":"format-standard","5":"has-post-thumbnail","7":"category-saint-etienne","8":"tag-actu","9":"tag-actualites","10":"tag-auvergne-rhone-alpes","11":"tag-eu","12":"tag-europe","13":"tag-fr","14":"tag-france","15":"tag-news","16":"tag-republique-francaise","17":"tag-saint-etienne"},"share_on_mastodon":{"url":"https:\/\/pubeurope.com\/@fr\/115898548417415215","error":""},"_links":{"self":[{"href":"https:\/\/www.europesays.com\/fr\/wp-json\/wp\/v2\/posts\/665065","targetHints":{"allow":["GET"]}}],"collection":[{"href":"https:\/\/www.europesays.com\/fr\/wp-json\/wp\/v2\/posts"}],"about":[{"href":"https:\/\/www.europesays.com\/fr\/wp-json\/wp\/v2\/types\/post"}],"author":[{"embeddable":true,"href":"https:\/\/www.europesays.com\/fr\/wp-json\/wp\/v2\/users\/2"}],"replies":[{"embeddable":true,"href":"https:\/\/www.europesays.com\/fr\/wp-json\/wp\/v2\/comments?post=665065"}],"version-history":[{"count":0,"href":"https:\/\/www.europesays.com\/fr\/wp-json\/wp\/v2\/posts\/665065\/revisions"}],"wp:featuredmedia":[{"embeddable":true,"href":"https:\/\/www.europesays.com\/fr\/wp-json\/wp\/v2\/media\/665066"}],"wp:attachment":[{"href":"https:\/\/www.europesays.com\/fr\/wp-json\/wp\/v2\/media?parent=665065"}],"wp:term":[{"taxonomy":"category","embeddable":true,"href":"https:\/\/www.europesays.com\/fr\/wp-json\/wp\/v2\/categories?post=665065"},{"taxonomy":"post_tag","embeddable":true,"href":"https:\/\/www.europesays.com\/fr\/wp-json\/wp\/v2\/tags?post=665065"}],"curies":[{"name":"wp","href":"https:\/\/api.w.org\/{rel}","templated":true}]}}