{"id":665071,"date":"2026-01-15T10:06:09","date_gmt":"2026-01-15T10:06:09","guid":{"rendered":"https:\/\/www.europesays.com\/fr\/665071\/"},"modified":"2026-01-15T10:06:09","modified_gmt":"2026-01-15T10:06:09","slug":"la-fnsea-et-jeunes-agriculteurs-ne-baissent-pas-la-garde","status":"publish","type":"post","link":"https:\/\/www.europesays.com\/fr\/665071\/","title":{"rendered":"la FNSEA et Jeunes Agriculteurs ne baissent pas la garde"},"content":{"rendered":"<p>Annonc\u00e9 par S\u00e9bastien Lecornu mardi 13 janvier, <a href=\"https:\/\/www.laprovence.com\/article\/economie\/1326658281416814\/colere-des-agriculteurs-sebastien-lecornu-annonce-un-projet-de-loi-durgence-agricole\" target=\"_blank\" rel=\"noopener\">le projet de loi d&rsquo;urgence agricole<\/a> n&rsquo;a pas apais\u00e9 la col\u00e8re du monde paysan. Si les \u00ab\u00a0agris\u00a0\u00bb de<a href=\"https:\/\/www.laprovence.com\/article\/societe\/59498297000761\/colere-agricole-les-tracteurs-de-la-fnsea-quittent-la-capitale\" target=\"_blank\" rel=\"noopener\"> la FNSEA et des JA rassembl\u00e9s devant l&rsquo;Assembl\u00e9e nationale ont quitt\u00e9 Paris<\/a> avec leurs tracteurs dans la nuit du 13 au 14 janvier apr\u00e8s une journ\u00e9e de mobilisation, d&rsquo;autres adh\u00e9rents de ces deux syndicats ont pris le relais dans le Var, manifestant sous une autre forme. Des dizaines d&rsquo;agriculteurs de la FDSEA et JA 83 ont proc\u00e9d\u00e9, ce mercredi, \u00e0 une double op\u00e9ration escargot : l&rsquo;une dans le sens Bandol &#8211; Marseille, l&rsquo;autre dans le sens Saint-Cyr &#8211; Toulon.<\/p>\n<p>T\u00f4t le matin, vers 6h, deux points de ralliement avaient \u00e9t\u00e9 fix\u00e9s sur les ronds-points d&rsquo;acc\u00e8s \u00e0 l&rsquo;A50 \u00e0 Bandol et \u00e0 Saint-Cyr. Une demi-heure plus tard, les deux convois, compos\u00e9s chacun d&rsquo;une trentaine de tracteurs, ont p\u00e9n\u00e9tr\u00e9 sur l&rsquo;autoroute en roulant au pas. Celui qui \u00e9tait parti de Bandol a stopp\u00e9 sa tr\u00e8s lente avanc\u00e9e un peu plus d&rsquo;une heure plus tard, sous le pont de la Malissonne \u00e0 hauteur de La Cadi\u00e8re d&rsquo;Azur o\u00f9 un barrage filtrant a \u00e9t\u00e9 mis en place sur une seule voie de circulation. Un trajet relativement court qui a occasionn\u00e9 un tr\u00e8s long embouteillage. Il en \u00e9tait tout aut&#8230;<\/p>\n","protected":false},"excerpt":{"rendered":"Annonc\u00e9 par S\u00e9bastien Lecornu mardi 13 janvier, le projet de loi d&rsquo;urgence agricole n&rsquo;a pas apais\u00e9 la col\u00e8re&hellip;\n","protected":false},"author":2,"featured_media":665072,"comment_status":"","ping_status":"","sticky":false,"template":"","format":"standard","meta":{"footnotes":""},"categories":[9619],"tags":[5734,1111,11,2572,13532,3254,1777,674,24728,1011,27,4074,12,5261,44895,882,16,25,2310],"class_list":{"0":"post-665071","1":"post","2":"type-post","3":"status-publish","4":"format-standard","5":"has-post-thumbnail","7":"category-toulon","8":"tag-5734","9":"tag-actu","10":"tag-actualites","11":"tag-agriculteurs","12":"tag-baissent","13":"tag-colere","14":"tag-eu","15":"tag-europe","16":"tag-fnsea","17":"tag-fr","18":"tag-france","19":"tag-jeunes","20":"tag-news","21":"tag-pas","22":"tag-paysanne","23":"tag-provence-alpes-cote-dazur","24":"tag-region","25":"tag-republique-francaise","26":"tag-toulon"},"share_on_mastodon":{"url":"https:\/\/pubeurope.com\/@fr\/115898560353486609","error":""},"_links":{"self":[{"href":"https:\/\/www.europesays.com\/fr\/wp-json\/wp\/v2\/posts\/665071","targetHints":{"allow":["GET"]}}],"collection":[{"href":"https:\/\/www.europesays.com\/fr\/wp-json\/wp\/v2\/posts"}],"about":[{"href":"https:\/\/www.europesays.com\/fr\/wp-json\/wp\/v2\/types\/post"}],"author":[{"embeddable":true,"href":"https:\/\/www.europesays.com\/fr\/wp-json\/wp\/v2\/users\/2"}],"replies":[{"embeddable":true,"href":"https:\/\/www.europesays.com\/fr\/wp-json\/wp\/v2\/comments?post=665071"}],"version-history":[{"count":0,"href":"https:\/\/www.europesays.com\/fr\/wp-json\/wp\/v2\/posts\/665071\/revisions"}],"wp:featuredmedia":[{"embeddable":true,"href":"https:\/\/www.europesays.com\/fr\/wp-json\/wp\/v2\/media\/665072"}],"wp:attachment":[{"href":"https:\/\/www.europesays.com\/fr\/wp-json\/wp\/v2\/media?parent=665071"}],"wp:term":[{"taxonomy":"category","embeddable":true,"href":"https:\/\/www.europesays.com\/fr\/wp-json\/wp\/v2\/categories?post=665071"},{"taxonomy":"post_tag","embeddable":true,"href":"https:\/\/www.europesays.com\/fr\/wp-json\/wp\/v2\/tags?post=665071"}],"curies":[{"name":"wp","href":"https:\/\/api.w.org\/{rel}","templated":true}]}}