{"id":665073,"date":"2026-01-15T10:07:17","date_gmt":"2026-01-15T10:07:17","guid":{"rendered":"https:\/\/www.europesays.com\/fr\/665073\/"},"modified":"2026-01-15T10:07:17","modified_gmt":"2026-01-15T10:07:17","slug":"toulon-laure-lavalette-lance-sa-campagne","status":"publish","type":"post","link":"https:\/\/www.europesays.com\/fr\/665073\/","title":{"rendered":"Toulon : Laure Lavalette lance sa campagne"},"content":{"rendered":"<p>        <a href=\"https:\/\/www.europesays.com\/fr\/wp-content\/uploads\/2026\/01\/G99ZZjMXIAEe0GD.jpg\" data-caption=\"\"><img loading=\"lazy\" decoding=\"async\" width=\"544\" height=\"680\" class=\"entry-thumb td-modal-image\" src=\"https:\/\/www.europesays.com\/fr\/wp-content\/uploads\/2026\/01\/G99ZZjMXIAEe0GD.jpg\"   alt=\"\" title=\"G99ZZjMXIAEe0GD\"\/><\/a><\/p>\n<p>Hier soir au Palais Neptune, une heure avant l\u2019ouverture des portes, la place Besagne \u00e9tait d\u00e9j\u00e0 bien garnie. Les gens \u00e9taient l\u00e0 calmement, \u00e0 attendre qu\u2019enfin leur idole donne l\u2019ordre d\u2019ouvrir les portes.<br \/><a href=\"https:\/\/www.tv83.info\/wp-content\/uploads\/2026\/01\/IMG_5394.jpg\" target=\"_blank\" rel=\"noopener\"><img fetchpriority=\"high\" decoding=\"async\" class=\"size-medium wp-image-98379 alignright\" src=\"https:\/\/www.europesays.com\/fr\/wp-content\/uploads\/2026\/01\/IMG_5394-300x225.jpg\" alt=\"\" width=\"300\" height=\"225\"  \/><\/a>Au milieu de cette foule joyeuse, il en est un qui nous montra qu\u2019il avait d\u2019autres lettres que les trois qui forment le mot sot, en r\u00e9citant la tirade de Rodrigue \u00e0 Don Fernand dans le Cid, tirade arrang\u00e9e \u00e0 la fa\u00e7on Toulonnaise.<br \/>\u00ab Nous part\u00eemes cinq cents, mais par un prompt renfort Nous nous v\u00eemes 51% en arrivant \u00e0 la mairie sur le port \u00bb. Il y avait quelque chose de bon enfant.<\/p>\n<p>En fait, ils \u00e9taient plus de 1 500 hier soir, venus pour \u00e9couter le premier discours de campagne de Madame Laure Lavalette et ils n\u2019ont pas \u00e9t\u00e9 d\u00e9\u00e7us, la candidate sait parler \u00e0 la foule, encore plus facilement quand cette derni\u00e8re lui est acquise.<\/p>\n<p>Elle commen\u00e7a son discours par appeler les quartiers de Toulon : La Rode o\u00f9 elle s\u2019est mari\u00e9e, La Loubi\u00e8re, Saint-Jean-du-Var, Le Pont du Las, Saint-Roch, Le Cap Brun, Le Mont Faron \/ La Serinette, Le Centre-ville, Le Pont de Suve \/ Les Routes, La Serinette \/ La Mitre preuve qu\u2019en 28 ans de pr\u00e9sence amoureuse dans la ville pr\u00e9fecture Laure Lavalette a eu le temps d\u2019apprendre \u00e0 les connaitre, \u00e0 les visiter. Elle va m\u00eame le faire encore et encore dans les 60 prochains jours, pour rencontrer les gens, pour taper aux portes, pour boire une limonade.<br \/>Preuve qu\u2019on peut venir de l\u2019essstranger ou \u00eatre n\u00e9e \u00e0 Talence (personne n\u2019est parfait) et se sentir \u00e0 l\u2019aise, int\u00e9gr\u00e9e dans la ville de Raimu.<\/p>\n<p><a href=\"https:\/\/www.tv83.info\/wp-content\/uploads\/2026\/01\/IMG_5396.jpg\" target=\"_blank\" rel=\"noopener\"><img loading=\"lazy\" decoding=\"async\" class=\"size-medium wp-image-98380 alignleft\" src=\"https:\/\/www.europesays.com\/fr\/wp-content\/uploads\/2026\/01\/IMG_5396-300x225.jpg\" alt=\"\" width=\"300\" height=\"225\"  \/><\/a>Ensuite, elle a pr\u00e9sent\u00e9 son XV de c\u0153ur. \u00c0 un jet de pierre du stade Mayol, le clin \u00e9tait un peu facile mais, dans les 20 derni\u00e8res ann\u00e9es les Toulonnais s\u2019y sont habitu\u00e9s. C\u2019\u00e9tait la sp\u00e9cialit\u00e9 de Falco \u2026 m\u00eame \u00e7a, elle lui aura chapard\u00e9.<br \/>Fr\u00e9d\u00e9ric de Toulon, Robin de Toulon, Julie de l\u2019Escaillon, David du Mourillon, Jamila du cours Lafaillite\u2026etc, etc<br \/>Pas un, pas une n\u2019habite Shengen ou Tamanrasset. Nous sommes l\u00e0 dans un XV chimiquement pur. Tous habitent dans la ville convoit\u00e9e, enfin presque tous. Ne revenons pas sur les choses qui f\u00e2chent et qui pourraient mettre cette candidate en danger. D\u2019autant qu\u2019il se dit qu\u2019elle a un fichu caract\u00e8re, peut-\u00eatre m\u00eame qu\u2019elle pourrait distribuer des taloches \u00e0 ceux qui le m\u00e9ritent. Enfin, c\u2019est ce qui se dit.<\/p>\n<p>Pour lancer sa campagne qu\u2019elle veut digne et respectueuse, Laure Lavalette a mis le doigt l\u00e0 o\u00f9 \u00e7a fait mal. Le cadre de vie d\u00e9grad\u00e9, certains quartiers abandonn\u00e9s, la hausse des imp\u00f4ts, l\u2019ins\u00e9curit\u00e9, la voirie fatigu\u00e9e, le BHNS toujours pas sur les rails, en nous \u00e9vitant le clin d\u2019\u0153il au tramway nomm\u00e9 d\u00e9sir d\u2019\u00c9lia Kazan. Mais il est vrai qu\u2019elle est n\u00e9e 5 ans apr\u00e8s le film.<br \/>Les spectateurs Toulonnais \u00e9taient aux anges, la campagne \u00e9tait lanc\u00e9e et bien lanc\u00e9e.<br \/>La Rode, La Loubi\u00e8re, Saint-Jean-du-Var, Le Pont du Las, Saint-Roch, Le Cap Brun, Le Mont Faron \/ La Serinette, Le Centre-ville, Le Pont de Suve \/ Les Routes, La Serinette \/ La Mitre \u2026 Nous voil\u00e0 !<\/p>\n<p><strong>Mais<\/strong>, vous vous y attendiez\u2026 il y a un mais, ce n\u2019est pas la testost\u00e9rone d\u2019une campagne qui est g\u00eanante, il en faut. Ce n\u2019est pas non plus cette avalanche de promesses, chaque candidat tient sa liste. C\u2019est ce p\u2019tit truc en moins, cet enracinement surjou\u00e9, qui peut sembler bizarro\u00efde. Ce c\u00f4t\u00e9 \u00ab\u00a0plus petit d\u00e9nominateur commun\u00a0\u00bb, ce c\u00f4t\u00e9 \u00e9triqu\u00e9, ce p\u2019tit truc en moins qui est perturbant, m\u00eame quand on adore les Chichi Fr\u00e9gi de Toulon (ceux de l\u2019Estaque sont \u2026beurk \ud83d\ude09).<br \/>N\u2019est-il pas vrai que la ville de Toulon n\u2019est grande que quand elle parle au monde entier ?<\/p>\n<p>Ce Mais \u2026 On le met l\u00e0 pour que les plus sectaires et\/ou ceux qui ont la foi des nouveaux convertis poussent des cris d\u2019orfraie. Et pour les faire encore plus bisquer, on leur offre une chanson de Monsieur Georges Brassens La Ballade des gens qui sont n\u00e9s quelque part. Bonne lecture.<\/p>\n<p>Apr\u00e8s, de Madame Laure Lavalette pensez-en ce que vous voulez mais, n\u2019oubliez pas de penser !<br \/>Laurent di Gennaro<\/p>\n<p>NB : Avec un peu de chance, elle va nous envoyer son discours que nous publierons dans son int\u00e9gralit\u00e9, ce qui \u00e9vitera aux malveillants et aux sectaires de d\u00e9former ses propos. Nous en ferons de m\u00eame avec tous les candidats qui voudront bien jouer le jeu. Chiche.<\/p>\n<p><strong>La Ballade des gens qui sont n\u00e9s quelque part<\/strong> de Georges Brassens<br \/>C\u2019est vrai qu\u2019ils sont plaisants tous ces petits villages<br \/>Tous ces bourgs, ces hameaux, ces lieux-dits, ces cit\u00e9s<br \/>Avec leurs ch\u00e2teaux forts, leurs \u00e9glises, leurs plages<br \/>Ils n\u2019ont qu\u2019un seul point faible et c\u2019est d\u2019\u00eatre habit\u00e9s<br \/>Et c\u2019est d\u2019\u00eatre habit\u00e9s par des gens qui regardent<br \/>Le reste avec m\u00e9pris du haut de leurs remparts<br \/>La race des chauvins, des porteurs de cocardes<br \/>Les imb\u00e9ciles heureux qui sont n\u00e9s quelque part<br \/>Les imb\u00e9ciles heureux qui sont n\u00e9s quelque part<br \/>Maudits soient ces enfants de leur m\u00e8re patrie<br \/>Empal\u00e9s une fois pour toutes sur leur clocher<br \/>Qui vous montrent leurs tours leurs mus\u00e9es leur mairie<br \/>Vous font voir du pays natal jusqu\u2019\u00e0 loucher<br \/>Qu\u2019ils sortent de Paris ou de Rome ou de S\u00e8te<br \/>Ou du diable vauvert ou de Zanzibar<br \/>Ou m\u00eame de Montcuq ils s\u2019en flattent mazette<br \/>Les imb\u00e9ciles heureux qui sont n\u00e9s quelque part<br \/>Les imb\u00e9ciles heureux qui sont n\u00e9s quelque part<br \/>Le sable dans lequel douillettes leurs autruches<br \/>Enfouissent la t\u00eate, on trouve pas plus fin<br \/>Quand \u00e0 l\u2019air qu\u2019ils emploient pour gonfler leurs baudruches<br \/>Leurs bulles de savon c\u2019est du souffle divin<br \/>Et petit \u00e0 petit les voil\u00e0 qui se montent<br \/>Le cou jusqu\u2019\u00e0 penser que le crottin fait par<br \/>Leur chevaux m\u00eame en bois rend jaloux tout le monde<br \/>Les imb\u00e9ciles heureux qui sont n\u00e9s quelque part<br \/>Les imb\u00e9ciles heureux qui sont n\u00e9s quelque part<br \/>C\u2019est pas un lieu commun celui de leur naissance<br \/>Ils plaignent de tout c\u0153ur les pauvres malchanceux<br \/>Les petits maladroits qui n\u2019eurent pas la pr\u00e9sence<br \/>La pr\u00e9sence d\u2019esprit de voir le jour chez eux<br \/>Quand sonne le tocsin sur leur bonheur pr\u00e9caire<br \/>Contre les \u00e9trangers tous plus ou moins barbares<br \/>Ils sortent de leur trou pour mourir \u00e0 la guerre<br \/>Les imb\u00e9ciles heureux qui sont n\u00e9s quelque part<br \/>Les imb\u00e9ciles heureux qui sont n\u00e9s quelque part<br \/>Mon Dieu qu\u2019il ferait bon sur la terre des hommes<br \/>Si on y rencontrait cette race incongrue<br \/>Cette race importune et qui partout foisonne<br \/>La race des gens du terroir des gens du cru<br \/>Que la vie serait belle en toutes circonstances<br \/>Si vous n\u2019aviez tir\u00e9 du n\u00e9ant ces jobards<br \/>Preuve peut-\u00eatre bien de votre inexistence<br \/>Les imb\u00e9ciles heureux qui sont n\u00e9s quelque part<br \/>Les imb\u00e9ciles heureux qui sont n\u00e9s quelque part<\/p>\n<p><a href=\"https:\/\/www.restosducoeur.org\/associations-departementales\/les-restos-du-coeur-du-var\/\" target=\"_blank\" rel=\"noopener\"><img decoding=\"async\" style=\"height:70px;width:140px\" src=\"https:\/\/www.europesays.com\/fr\/wp-content\/uploads\/2025\/04\/restos-du-coeur.jpg\"\/><\/a>        <\/p>\n","protected":false},"excerpt":{"rendered":"Hier soir au Palais Neptune, une heure avant l\u2019ouverture des portes, la place Besagne \u00e9tait d\u00e9j\u00e0 bien garnie.&hellip;\n","protected":false},"author":2,"featured_media":644945,"comment_status":"","ping_status":"","sticky":false,"template":"","format":"standard","meta":{"footnotes":""},"categories":[9619],"tags":[1111,11,1777,674,1011,27,12,882,25,2310],"class_list":{"0":"post-665073","1":"post","2":"type-post","3":"status-publish","4":"format-standard","5":"has-post-thumbnail","7":"category-toulon","8":"tag-actu","9":"tag-actualites","10":"tag-eu","11":"tag-europe","12":"tag-fr","13":"tag-france","14":"tag-news","15":"tag-provence-alpes-cote-dazur","16":"tag-republique-francaise","17":"tag-toulon"},"share_on_mastodon":{"url":"https:\/\/pubeurope.com\/@fr\/115898564350527741","error":""},"_links":{"self":[{"href":"https:\/\/www.europesays.com\/fr\/wp-json\/wp\/v2\/posts\/665073","targetHints":{"allow":["GET"]}}],"collection":[{"href":"https:\/\/www.europesays.com\/fr\/wp-json\/wp\/v2\/posts"}],"about":[{"href":"https:\/\/www.europesays.com\/fr\/wp-json\/wp\/v2\/types\/post"}],"author":[{"embeddable":true,"href":"https:\/\/www.europesays.com\/fr\/wp-json\/wp\/v2\/users\/2"}],"replies":[{"embeddable":true,"href":"https:\/\/www.europesays.com\/fr\/wp-json\/wp\/v2\/comments?post=665073"}],"version-history":[{"count":0,"href":"https:\/\/www.europesays.com\/fr\/wp-json\/wp\/v2\/posts\/665073\/revisions"}],"wp:featuredmedia":[{"embeddable":true,"href":"https:\/\/www.europesays.com\/fr\/wp-json\/wp\/v2\/media\/644945"}],"wp:attachment":[{"href":"https:\/\/www.europesays.com\/fr\/wp-json\/wp\/v2\/media?parent=665073"}],"wp:term":[{"taxonomy":"category","embeddable":true,"href":"https:\/\/www.europesays.com\/fr\/wp-json\/wp\/v2\/categories?post=665073"},{"taxonomy":"post_tag","embeddable":true,"href":"https:\/\/www.europesays.com\/fr\/wp-json\/wp\/v2\/tags?post=665073"}],"curies":[{"name":"wp","href":"https:\/\/api.w.org\/{rel}","templated":true}]}}