{"id":665074,"date":"2026-01-15T10:08:24","date_gmt":"2026-01-15T10:08:24","guid":{"rendered":"https:\/\/www.europesays.com\/fr\/665074\/"},"modified":"2026-01-15T10:08:24","modified_gmt":"2026-01-15T10:08:24","slug":"on-veut-tuer-tout-un-secteur-trois-commercants-attaquent-larrete-contre-les-epiceries-de-nuit-a-montpellier","status":"publish","type":"post","link":"https:\/\/www.europesays.com\/fr\/665074\/","title":{"rendered":"\u00ab\u00a0On veut tuer tout un secteur\u00a0\u00bb\u00a0: trois commer\u00e7ants attaquent l\u2019arr\u00eat\u00e9 contre les \u00e9piceries de nuit \u00e0 Montpellier"},"content":{"rendered":"<p>\n                                                                Deux jours apr\u00e8s l\u2019adoption d\u2019un arr\u00eat\u00e9 municipal encadrant la vente d\u2019alcool \u00e0 emporter et la fermeture des \u00e9piceries de nuit \u00e0 Montpellier, trois commer\u00e7ants saisissent le tribunal administratif. Leur avocat, Me Maxime Martinez, d\u00e9nonce une \u00ab\u00a0sanction collective\u00a0\u00bb et une \u00ab\u00a0stigmatisation\u00a0\u00bb de la profession.\n                            <\/p>\n<p>Le recours n\u2019a pas tard\u00e9. Deux jours seulement apr\u00e8s l\u2019adoption par la Ville de Montpellier d\u2019un arr\u00eat\u00e9 renfor\u00e7ant la r\u00e9glementation des \u00e9piceries de nuit et de la vente d\u2019alcool \u00e0 emporter, une contestation juridique se profile d\u00e9j\u00e0.<\/p>\n<p>        <img decoding=\"async\" class=\"std-img__img responsive-img\" src=\"https:\/\/www.europesays.com\/fr\/wp-content\/uploads\/2026\/01\/1768471704_734_image.png\" alt=\"Me Maxime Martinez.\"\/><\/p>\n<p>                Me Maxime Martinez.<br \/>\n                                    D. R.<\/p>\n<p>Pour le compte de trois \u00e9piciers de nuit, Me Maxime Martinez, avocat au barreau de Montpellier, a saisi le tribunal administratif d\u2019une requ\u00eate en annulation de l\u2019arr\u00eat\u00e9, assortie de deux proc\u00e9dures d\u2019urgence\u00a0: un r\u00e9f\u00e9r\u00e9 suspension et un r\u00e9f\u00e9r\u00e9 libert\u00e9, fond\u00e9s sur ce qu\u2019il qualifie \u00ab\u00a0d\u2019ill\u00e9galit\u00e9 manifeste de l\u2019arr\u00eat\u00e9\u00a0\u00bb. Avec cet arsenal juridique, \u00ab\u00a0la requ\u00eate devrait \u00eatre trait\u00e9e rapidement, probablement en milieu de semaine prochaine, car le temps presse\u00a0\u00bb, explique-t-il.<\/p>\n<p>Une mesure pour pr\u00e9server la tranquillit\u00e9 publique<\/p>\n<p>L\u2019arr\u00eat\u00e9 municipal pr\u00e9voit la fermeture des \u00e9piceries de nuit de 22\u00a0h \u00e0 6\u00a0h du matin, du jeudi soir au lundi matin inclus, sur une large partie du territoire communal. Il instaure \u00e9galement une interdiction de la vente de boissons alcoolis\u00e9es \u00e0 emporter entre 22\u00a0h et 6\u00a0h, toutes les nuits de la semaine pour les titulaires de licences \u00e0 emporter des groupes 3 \u00e0 5, ainsi que sur des plages horaires sp\u00e9cifiques pour les \u00e9piceries de nuit. Les exploitants sont tenus de rendre l\u2019alcool inaccessible \u00e0 la client\u00e8le durant ces p\u00e9riodes.<\/p>\n<p>Si la municipalit\u00e9 justifie ces mesures par la n\u00e9cessit\u00e9 de pr\u00e9server la tranquillit\u00e9 publique, l\u2019avocat conteste la sanction collective inflig\u00e9e \u00e0 l\u2019ensemble d\u2019une profession. \u00ab\u00a0Le maire n\u2019utilise pas ses pouvoirs de fermeture d\u00e9finitive contre les \u00ab\u00a0vilains petits canards\u00a0\u00bb\u00a0qui commettent des infractions. Il pr\u00e9f\u00e8re sanctionner la totalit\u00e9 d\u2019un secteur\u00a0\u00bb, d\u00e9plore-t-il. Une approche qui, selon lui, revient \u00e0 \u00ab\u00a0donner le pouvoir de tuer tout un secteur\u00a0\u00bb.<\/p>\n<p>\u00ab\u00a0On est clairement dans le fait du prince\u00a0\u00bb<\/p>\n<p>Ma\u00eetre Martinez d\u00e9nonce \u00e9galement \u00ab\u00a0une forme de stigmatisation\u00a0\u00bb visant les \u00e9piceries de nuit. \u00ab\u00a0Le maire veut s\u2019arroger le droit de dire quels sont les bons et les mauvais commerces. C\u2019est le fait d\u2019un fonctionnement autoritaire\u00a0\u00bb, affirme-t-il, alors m\u00eame que le maire de Montpellier, comme le pr\u00e9fet de l\u2019H\u00e9rault, disposent d\u2019un arsenal suffisant pour sanctionner les commerces contrevenants. Et l\u2019avocat d\u2019ajouter\u00a0: \u00ab\u00a0Ce n\u2019est pas au maire de d\u00e9cider quelle activit\u00e9 a droit de cit\u00e9 \u00e0 Montpellier, quand bien m\u00eame elle ne serait pas \u201cinstagrammable\u201d. L\u00e0, on est clairement dans le fait du prince.\u00a0\u00bb<\/p>\n<p>Le tribunal administratif devra d\u00e9sormais se prononcer dans les prochains jours sur la l\u00e9galit\u00e9 de l\u2019arr\u00eat\u00e9 et sur l\u2019opportunit\u00e9 d\u2019en suspendre l\u2019application dans l\u2019attente d\u2019un jugement sur le fond. Et alors m\u00eame que certains commer\u00e7ants craignent de devoir fermer boutique\u2026<\/p>\n","protected":false},"excerpt":{"rendered":"Deux jours apr\u00e8s l\u2019adoption d\u2019un arr\u00eat\u00e9 municipal encadrant la vente d\u2019alcool \u00e0 emporter et la fermeture des \u00e9piceries&hellip;\n","protected":false},"author":2,"featured_media":665075,"comment_status":"","ping_status":"","sticky":false,"template":"","format":"standard","meta":{"footnotes":""},"categories":[9599],"tags":[1111,11,215,33,1777,674,1011,27,7089,2208,12,2680,25],"class_list":{"0":"post-665074","1":"post","2":"type-post","3":"status-publish","4":"format-standard","5":"has-post-thumbnail","7":"category-montpellier","8":"tag-actu","9":"tag-actualites","10":"tag-commerce","11":"tag-economie","12":"tag-eu","13":"tag-europe","14":"tag-fr","15":"tag-france","16":"tag-herault","17":"tag-montpellier","18":"tag-news","19":"tag-occitanie","20":"tag-republique-francaise"},"share_on_mastodon":{"url":"https:\/\/pubeurope.com\/@fr\/115898568139671283","error":""},"_links":{"self":[{"href":"https:\/\/www.europesays.com\/fr\/wp-json\/wp\/v2\/posts\/665074","targetHints":{"allow":["GET"]}}],"collection":[{"href":"https:\/\/www.europesays.com\/fr\/wp-json\/wp\/v2\/posts"}],"about":[{"href":"https:\/\/www.europesays.com\/fr\/wp-json\/wp\/v2\/types\/post"}],"author":[{"embeddable":true,"href":"https:\/\/www.europesays.com\/fr\/wp-json\/wp\/v2\/users\/2"}],"replies":[{"embeddable":true,"href":"https:\/\/www.europesays.com\/fr\/wp-json\/wp\/v2\/comments?post=665074"}],"version-history":[{"count":0,"href":"https:\/\/www.europesays.com\/fr\/wp-json\/wp\/v2\/posts\/665074\/revisions"}],"wp:featuredmedia":[{"embeddable":true,"href":"https:\/\/www.europesays.com\/fr\/wp-json\/wp\/v2\/media\/665075"}],"wp:attachment":[{"href":"https:\/\/www.europesays.com\/fr\/wp-json\/wp\/v2\/media?parent=665074"}],"wp:term":[{"taxonomy":"category","embeddable":true,"href":"https:\/\/www.europesays.com\/fr\/wp-json\/wp\/v2\/categories?post=665074"},{"taxonomy":"post_tag","embeddable":true,"href":"https:\/\/www.europesays.com\/fr\/wp-json\/wp\/v2\/tags?post=665074"}],"curies":[{"name":"wp","href":"https:\/\/api.w.org\/{rel}","templated":true}]}}