{"id":66508,"date":"2025-05-01T08:53:09","date_gmt":"2025-05-01T08:53:09","guid":{"rendered":"https:\/\/www.europesays.com\/fr\/66508\/"},"modified":"2025-05-01T08:53:09","modified_gmt":"2025-05-01T08:53:09","slug":"trump-et-zelensky-signent-un-vaste-partenariat-sur-lacces-aux-minerais-liberation","status":"publish","type":"post","link":"https:\/\/www.europesays.com\/fr\/66508\/","title":{"rendered":"Trump et Zelensky signent un vaste partenariat sur l\u2019acc\u00e8s aux minerais \u2013 Lib\u00e9ration"},"content":{"rendered":"<p class=\"sc-ksZaOG ehjQrN text-element\">Cette fois, c\u2019est la bonne. A Washington, les Etats-Unis et l\u2019Ukraine ont sign\u00e9 dans la soir\u00e9e du <a href=\"https:\/\/www.liberation.fr\/international\/europe\/apres-un-travail-acharne-et-approfondi-lukraine-sattend-a-signer-mercredi-laccord-sur-les-minerais-avec-washington-20250430_WMC3ZZZSZZFHFPSDVOZB27PHPQ\/\" target=\"_blank\" rel=\"noreferrer nofollow noopener\" title=\"https:\/\/www.liberation.fr\/international\/europe\/apres-un-travail-acharne-et-approfondi-lukraine-sattend-a-signer-mercredi-laccord-sur-les-minerais-avec-washington-20250430_WMC3ZZZSZZFHFPSDVOZB27PHPQ\/\">mercredi 30 avril<\/a> un vaste partenariat mettant en place un fonds d\u2019investissement pour la reconstruction du pays ravag\u00e9 par la guerre. Il donne notamment aux Am\u00e9ricains un <a href=\"https:\/\/www.liberation.fr\/international\/europe\/accord-sur-les-minerais-ukrainiens-washington-veut-le-fer-et-largent-du-fer-20250328_N2MCF5B2CJF77HR5NVHGSZN3RY\/\" target=\"_blank\" rel=\"noreferrer nofollow noopener\" title=\"https:\/\/www.liberation.fr\/international\/europe\/accord-sur-les-minerais-ukrainiens-washington-veut-le-fer-et-largent-du-fer-20250328_N2MCF5B2CJF77HR5NVHGSZN3RY\/\">acc\u00e8s aux ressources naturelles ukrainiennes<\/a>.<\/p>\n<p class=\"sc-ksZaOG ehjQrN text-element\">La ministre ukrainienne de l\u2019Economie, Ioulia Svyrydenko, qui a fait le d\u00e9placement outre-Atlantique pour signer le document, estime que le fonds cr\u00e9\u00e9 avec les Etats-Unis \u00abattirera des investissements mondiaux dans [son] pays\u00bb. L\u2019accord avec Washington financera des \u00abprojets d\u2019extraction de minerais, de p\u00e9trole et de gaz\u00bb, a-t-elle pr\u00e9cis\u00e9 sur Facebook. Mais l\u2019Ukraine \u00abconserve l\u2019enti\u00e8re propri\u00e9t\u00e9 et le contr\u00f4le de ces ressources\u00bb, y compris le sous-sol, et ce sera \u00abl\u2019Etat ukrainien qui d\u00e9terminera o\u00f9 et quoi extraire\u00bb, a assur\u00e9 la ministre.<\/p>\n<p class=\"sc-ksZaOG ehjQrN text-element\">\u00abAucune dette, aucune aide\u00bb accord\u00e9e avant la signature \u00abne fait partie de cet accord\u00bb, a pour sa part assur\u00e9 le Premier ministre ukrainien, Denys Chmygal, alors que le document doit encore \u00eatre ratifi\u00e9 par le Parlement ukrainien apr\u00e8s sa signature. Il ne semble cependant pas comporter de garanties de s\u00e9curit\u00e9 am\u00e9ricaines face \u00e0 la Russie, pourtant demand\u00e9es par l\u2019Ukraine, un point sur lequel insistait <a href=\"https:\/\/www.liberation.fr\/international\/europe\/funerailles-de-francois-zelensky-et-trump-pourraient-se-rencontrer-20250426_42S4Z7ZC3BGZNEXDR5CSPSFBDY\/\" target=\"_blank\" rel=\"nofollow noopener\" title=\"https:\/\/www.liberation.fr\/international\/europe\/funerailles-de-francois-zelensky-et-trump-pourraient-se-rencontrer-20250426_42S4Z7ZC3BGZNEXDR5CSPSFBDY\/\">Volodymyr Zelensky.<\/a><\/p>\n<p class=\"sc-ksZaOG ehjQrN text-element\">Selon le Tr\u00e9sor am\u00e9ricain, cet accord \u00abreconna\u00eet l\u2019importante aide financi\u00e8re et mat\u00e9rielle que le peuple am\u00e9ricain a fournie \u00e0 la d\u00e9fense de l\u2019Ukraine depuis l\u2019invasion \u00e0 grande \u00e9chelle de la Russie\u00bb \u2013 une expression tr\u00e8s rarement utilis\u00e9e par Washington depuis le retour au pouvoir de Donald Trump, qui a \u00e0 plusieurs reprises renvoy\u00e9 l\u2019Ukraine et la Russie dos \u00e0 dos. Sous le pr\u00e9c\u00e9dent gouvernement de Joe Biden, les Etats-Unis ont fourni des dizaines de milliards de dollars d\u2019aide \u00e0 l\u2019Ukraine.<\/p>\n<p class=\"sc-ksZaOG ehjQrN text-element\">Donald Trump \u00abveut que les deux parties s\u2019assoient \u00e0 la table, maintenant, en montrant que les \u00c9tats-Unis ont un int\u00e9r\u00eat \u00e9conomique en Ukraine, a soulign\u00e9 le secr\u00e9taire au Tr\u00e9sor am\u00e9ricain Scott Bessent sur Fox News. C\u2019est un signal pour les dirigeants russes. C\u2019est aussi un signal pour le peuple am\u00e9ricain que nous avons une chance de participer, d\u2019obtenir [\u2026] une compensation\u00bb pour les financements et armes fournies \u00e0 l\u2019Ukraine.<\/p>\n<p class=\"sc-ksZaOG sc-hCgVqe bQLHMY iEMGPr\">Une photo pour l&rsquo;histoire<\/p>\n<p class=\"sc-ksZaOG ehjQrN text-element\">Le projet d\u2019accord a \u00e9t\u00e9 depuis des semaines au c\u0153ur de tensions entre Kyiv et Washington, dont le soutien est crucial pour l\u2019Ukraine. Une pr\u00e9c\u00e9dente mouture de ce texte aurait d\u00fb \u00eatre sign\u00e9e lors de la visite du pr\u00e9sident ukrainien Volodymyr Zelensky \u00e0 la Maison Blanche fin f\u00e9vrier, mais son <a href=\"https:\/\/www.liberation.fr\/international\/amerique\/a-la-maison-blanche-trump-sans-merci-face-a-zelensky-20250228_4PDMZ7LGPFHJRBESGKTIX2S5DM\/\" target=\"_blank\" rel=\"noreferrer nofollow noopener\" title=\"https:\/\/www.liberation.fr\/international\/amerique\/a-la-maison-blanche-trump-sans-merci-face-a-zelensky-20250228_4PDMZ7LGPFHJRBESGKTIX2S5DM\/\">altercation in\u00e9dite avec son homologue am\u00e9ricain<\/a>, sous les cam\u00e9ras, avait pr\u00e9cipit\u00e9 son d\u00e9part et annul\u00e9 la signature de l\u2019accord.<\/p>\n<p class=\"sc-ksZaOG ehjQrN text-element\">Une nouvelle version, propos\u00e9e par Washington en mars, avait \u00e9t\u00e9 jug\u00e9e tr\u00e8s d\u00e9favorable par des d\u00e9put\u00e9s ukrainiens et des m\u00e9dias. Au fil des n\u00e9gociations, ce document a pu \u00eatre transform\u00e9 en une version plus acceptable pour Kyiv, selon des responsables ukrainiens. Un d\u00e9mocrate am\u00e9ricain du Congr\u00e8s, Gregory Meeks, a cependant d\u00e9nonc\u00e9 mercredi soir une \u00abextorsion\u00bb de Donald Trump.<\/p>\n<p class=\"sc-ksZaOG ehjQrN text-element\">Le texte met en place un \u00abfonds d\u2019investissement pour investir dans la reconstruction\u00bb de l\u2019Ukraine, lequel fonds sera financ\u00e9 et g\u00e9r\u00e9 \u00e0 parts \u00e9gales par les Ukrainiens et les Am\u00e9ricains. La quantit\u00e9 de richesses mini\u00e8res que renferme le sol ukrainien reste peu claire, la plupart de ces ressources \u00e9tant inexploit\u00e9es, difficiles \u00e0 extraire ou de facto sous contr\u00f4le russe, car se trouvant dans des territoires occup\u00e9s par l\u2019arm\u00e9e russe.<\/p>\n<p class=\"sc-ksZaOG ehjQrN text-element\">A peine l\u2019accord sign\u00e9 que la Russie a men\u00e9 de nouvelles frappes en Ukraine. Un drone a \u00e9t\u00e9 lanc\u00e9 sur une zone r\u00e9sidentielle \u00e0 Odessa, dans le sud de l\u2019Ukraine, tuant deux personnes et blessant cinq autres, a annonc\u00e9 t\u00f4t ce jeudi matin le gouverneur de la r\u00e9gion sur Telegram. Simultan\u00e9ment, des explosions ont \u00e9t\u00e9 entendues dans un quartier de la ville de Soumy et des alertes antia\u00e9riennes d\u00e9clench\u00e9es, entre autres, dans les r\u00e9gions de Kyiv, Kharkiv, Tcherniguiv, Soumy, Donetsk, Dnipropetrovsk, Zaporijjia.<\/p>\n","protected":false},"excerpt":{"rendered":"Cette fois, c\u2019est la bonne. A Washington, les Etats-Unis et l\u2019Ukraine ont sign\u00e9 dans la soir\u00e9e du mercredi&hellip;\n","protected":false},"author":2,"featured_media":66509,"comment_status":"","ping_status":"","sticky":false,"template":"","format":"standard","meta":{"footnotes":""},"categories":[1590],"tags":[11,75,73,1777,674,12,220,297,134],"class_list":{"0":"post-66508","1":"post","2":"type-post","3":"status-publish","4":"format-standard","5":"has-post-thumbnail","7":"category-ukraine","8":"tag-actualites","9":"tag-donald-trump","10":"tag-etats-unis","11":"tag-eu","12":"tag-europe","13":"tag-news","14":"tag-ukraine","15":"tag-ukraine-la-crise","16":"tag-volodymyr-zelensky"},"share_on_mastodon":{"url":"https:\/\/pubeurope.com\/@fr\/114431734859004837","error":""},"_links":{"self":[{"href":"https:\/\/www.europesays.com\/fr\/wp-json\/wp\/v2\/posts\/66508","targetHints":{"allow":["GET"]}}],"collection":[{"href":"https:\/\/www.europesays.com\/fr\/wp-json\/wp\/v2\/posts"}],"about":[{"href":"https:\/\/www.europesays.com\/fr\/wp-json\/wp\/v2\/types\/post"}],"author":[{"embeddable":true,"href":"https:\/\/www.europesays.com\/fr\/wp-json\/wp\/v2\/users\/2"}],"replies":[{"embeddable":true,"href":"https:\/\/www.europesays.com\/fr\/wp-json\/wp\/v2\/comments?post=66508"}],"version-history":[{"count":0,"href":"https:\/\/www.europesays.com\/fr\/wp-json\/wp\/v2\/posts\/66508\/revisions"}],"wp:featuredmedia":[{"embeddable":true,"href":"https:\/\/www.europesays.com\/fr\/wp-json\/wp\/v2\/media\/66509"}],"wp:attachment":[{"href":"https:\/\/www.europesays.com\/fr\/wp-json\/wp\/v2\/media?parent=66508"}],"wp:term":[{"taxonomy":"category","embeddable":true,"href":"https:\/\/www.europesays.com\/fr\/wp-json\/wp\/v2\/categories?post=66508"},{"taxonomy":"post_tag","embeddable":true,"href":"https:\/\/www.europesays.com\/fr\/wp-json\/wp\/v2\/tags?post=66508"}],"curies":[{"name":"wp","href":"https:\/\/api.w.org\/{rel}","templated":true}]}}