{"id":665080,"date":"2026-01-15T10:12:12","date_gmt":"2026-01-15T10:12:12","guid":{"rendered":"https:\/\/www.europesays.com\/fr\/665080\/"},"modified":"2026-01-15T10:12:12","modified_gmt":"2026-01-15T10:12:12","slug":"linnovation-au-service-des-stations","status":"publish","type":"post","link":"https:\/\/www.europesays.com\/fr\/665080\/","title":{"rendered":"L&rsquo;innovation au service des stations"},"content":{"rendered":"<p>&#13;<br \/>\n&#13;<br \/>\n\t&#13;<br \/>\n\t&#13;<br \/>\n&#13;<br \/>\n\t&#13;<br \/>\n\t&#13;<br \/>\n&#13;<\/p>\n<p>En station, l\u2019innovation pr\u00e9pare le futur. Au-del\u00e0 de la technologie, elle passe aussi par une meilleure connaissance des milieux et l\u2019\u00e9volution des pratiques, tout\u00a0en limitant l\u2019impact sur la nature.<\/p>\n<p>Vaste mot qu\u2019est l\u2019innovation quand on parle de la montagne. Car depuis la construction des premi\u00e8res stations de ski, les acteurs de la montagne n\u2019ont cess\u00e9 d\u2019innover \u00e0 travers les \u00e9poques et les d\u00e9cennies. Si tout n\u2019a pas \u00e9t\u00e9 parfait et bien fait, il faut souligner les efforts d\u00e9ploy\u00e9s par beaucoup. Aujourd\u2019hui, ils portent notamment sur l\u2019impact environnemental des activit\u00e9s touristiques et un contr\u00f4le plus pr\u00e9cis des infrastructures et des espaces.<\/p>\n<p>L\u2019innovation au rendez-vous<\/p>\n<p>En 2026, le bassin grenoblois est le lieu de plusieurs rendez-vous strat\u00e9giques pour les acteurs des industries de la montagne. Grenoble accueillera deux salons professionnels d\u00e9di\u00e9s \u00e0 cette \u00e9conomie \u00e0 Alpexpo. Destination montagnes, qui r\u00e9unira les professionnels du tourisme les 20 et 21 janvier, \u00ab\u00a0valorise \u00e0 l\u2019internationale innovations et grandes tendances du tourisme dans nos massifs, \u00e0 l\u2019aube des Jeux olympiques et paralympiques 2030\u00a0\u00bb, pr\u00e9sente Atout France, qui l\u2019organise. Quant \u00e0 Mountain Planet, du 21 au 23 avril prochains, ce salon de l\u2019am\u00e9nagement vise \u00e0 \u00ab\u00a0mettre en relation les acteurs de la montagne et les entreprises innovantes pour d\u00e9couvrir les derni\u00e8res technologies, produits et services\u00a0\u00bb. Le Cluster Montagne et l\u2019Universit\u00e9 Grenoble Alpes coorganisent \u00e9galement une journ\u00e9e d\u2019\u00e9changes sur les enjeux de l\u2019intelligence artificielle, le 22 janvier prochain \u00e0 la Maison de la cr\u00e9ation et de l\u2019innovation.<\/p>\n<p>Retrouvez l&rsquo;int\u00e9gralit\u00e9 de ce dossier dans le num\u00e9ro 5289 des <a href=\"https:\/\/mozzoportal.publishingcenter.net\/compagnie-des-medias\/\" target=\"_blank\" rel=\"noopener\">Affiches de Grenoble et du Dauphin\u00e9<\/a>, du vendredi 16 f\u00e9vrier :<br \/>\n&#8211; L&rsquo;interview d&rsquo;Isabelle Bouleau, pr\u00e9sidente du Cluster Montagne<br \/>\n&#8211; L\u2019\u00e9tude de la neige toujours plus pr\u00e9cise<br \/>\n&#8211; Se renouveler pour davantage de s\u00e9curit\u00e9 sur les pistes<br \/>\n&#8211; Lumiplan digitalise les pistes<br \/>\n&#8211; Bluecime s\u00e9curise les d\u00e9parts<br \/>\n&#8211; POMA en avance sur la mobilit\u00e9<\/p>\n<p>\t\t&#13;<br \/>\n&#13;<\/p>\n","protected":false},"excerpt":{"rendered":"&#13; &#13; &#13; &#13; &#13; &#13; &#13; &#13; En station, l\u2019innovation pr\u00e9pare le futur. Au-del\u00e0 de la technologie,&hellip;\n","protected":false},"author":2,"featured_media":665081,"comment_status":"","ping_status":"","sticky":false,"template":"","format":"standard","meta":{"footnotes":""},"categories":[9566],"tags":[1111,11,2430,1777,674,1011,27,2731,12,25],"class_list":{"0":"post-665080","1":"post","2":"type-post","3":"status-publish","4":"format-standard","5":"has-post-thumbnail","7":"category-grenoble","8":"tag-actu","9":"tag-actualites","10":"tag-auvergne-rhone-alpes","11":"tag-eu","12":"tag-europe","13":"tag-fr","14":"tag-france","15":"tag-grenoble","16":"tag-news","17":"tag-republique-francaise"},"share_on_mastodon":{"url":"https:\/\/pubeurope.com\/@fr\/115898583873769461","error":""},"_links":{"self":[{"href":"https:\/\/www.europesays.com\/fr\/wp-json\/wp\/v2\/posts\/665080","targetHints":{"allow":["GET"]}}],"collection":[{"href":"https:\/\/www.europesays.com\/fr\/wp-json\/wp\/v2\/posts"}],"about":[{"href":"https:\/\/www.europesays.com\/fr\/wp-json\/wp\/v2\/types\/post"}],"author":[{"embeddable":true,"href":"https:\/\/www.europesays.com\/fr\/wp-json\/wp\/v2\/users\/2"}],"replies":[{"embeddable":true,"href":"https:\/\/www.europesays.com\/fr\/wp-json\/wp\/v2\/comments?post=665080"}],"version-history":[{"count":0,"href":"https:\/\/www.europesays.com\/fr\/wp-json\/wp\/v2\/posts\/665080\/revisions"}],"wp:featuredmedia":[{"embeddable":true,"href":"https:\/\/www.europesays.com\/fr\/wp-json\/wp\/v2\/media\/665081"}],"wp:attachment":[{"href":"https:\/\/www.europesays.com\/fr\/wp-json\/wp\/v2\/media?parent=665080"}],"wp:term":[{"taxonomy":"category","embeddable":true,"href":"https:\/\/www.europesays.com\/fr\/wp-json\/wp\/v2\/categories?post=665080"},{"taxonomy":"post_tag","embeddable":true,"href":"https:\/\/www.europesays.com\/fr\/wp-json\/wp\/v2\/tags?post=665080"}],"curies":[{"name":"wp","href":"https:\/\/api.w.org\/{rel}","templated":true}]}}